{"id":5148,"date":"2019-10-03T11:06:17","date_gmt":"2019-10-03T09:06:17","guid":{"rendered":"https:\/\/pielesprieto.es\/?p=5148"},"modified":"2019-11-27T15:02:08","modified_gmt":"2019-11-27T13:02:08","slug":"contacte-pelleteria-prieto-barcelona","status":"publish","type":"post","link":"https:\/\/pielesprieto.es\/ca\/contacte-pelleteria-prieto-barcelona\/","title":{"rendered":"Prieto Barcelona m\u00e9s accesible que mai"},"content":{"rendered":"\n<style type=\"text\/css\" data-created_by=\"avia_inline_auto\" id=\"style-css-av-av_section-0430dac87e95ed68a9109a1c9ddcca0f\">\n.avia-section.av-av_section-0430dac87e95ed68a9109a1c9ddcca0f{\nbackground-color:#0a0a0a;\nbackground-image:unset;\n}\n<\/style>\n<div id='av_section_1'  class='avia-section av-av_section-0430dac87e95ed68a9109a1c9ddcca0f main_color avia-section-default avia-no-shadow  avia-builder-el-0  el_before_av_textblock  avia-builder-el-first  avia-bg-style-scroll container_wrap sidebar_right'  ><div class='container av-section-cont-open' ><main  role=\"main\" itemprop=\"mainContentOfPage\"  class='template-page content  av-content-small alpha units'><div class='post-entry post-entry-type-page post-entry-5148'><div class='entry-content-wrapper clearfix'>\n<section  class='av_textblock_section av-av_textblock-2de302bf1aa3cf4c9157dbe6f50ac7eb '   itemscope=\"itemscope\" itemtype=\"https:\/\/schema.org\/BlogPosting\" itemprop=\"blogPost\" ><div class='avia_textblock'  itemprop=\"text\" ><h1 style=\"text-align: center\"><span style=\"color: #ffffff\">BLOG DE PRIETO BARCELONA<\/span><\/h1>\n<h5 style=\"text-align: center\"><span style=\"color: #ffffff\">Todas las noticias de la marca y del sector de la peleter\u00eda.<\/span><\/h5>\n<\/div><\/section>\n<\/div><\/div><\/main><!-- close content main element --><\/div><\/div><div id='after_section_1'  class='main_color av_default_container_wrap container_wrap sidebar_right'  ><div class='container av-section-cont-open' ><div class='template-page content  av-content-small alpha units'><div class='post-entry post-entry-type-page post-entry-5148'><div class='entry-content-wrapper clearfix'>\n\n<style type=\"text\/css\" data-created_by=\"avia_inline_auto\" id=\"style-css-av-av_textblock-07d9ed8e88f936c1ae08938f46e74f2a\">\n#top .av_textblock_section.av-av_textblock-07d9ed8e88f936c1ae08938f46e74f2a .avia_textblock{\nfont-size:34px;\n}\n<\/style>\n<section  class='av_textblock_section av-av_textblock-07d9ed8e88f936c1ae08938f46e74f2a '   itemscope=\"itemscope\" itemtype=\"https:\/\/schema.org\/BlogPosting\" itemprop=\"blogPost\" ><div class='avia_textblock'  itemprop=\"text\" ><h1><strong>PRIETO BARCELONA M\u00c9S ACCESSIBLE QUE MAI<\/strong><\/h1>\n<\/div><\/section>\n\n<style type=\"text\/css\" data-created_by=\"avia_inline_auto\" id=\"style-css-av-av_textblock-1893e94be057f369389f970fc1a53a48\">\n#top .av_textblock_section.av-av_textblock-1893e94be057f369389f970fc1a53a48 .avia_textblock{\nfont-size:11px;\ncolor:#aaaaaa;\n}\n<\/style>\n<section  class='av_textblock_section av-av_textblock-1893e94be057f369389f970fc1a53a48 '   itemscope=\"itemscope\" itemtype=\"https:\/\/schema.org\/BlogPosting\" itemprop=\"blogPost\" ><div class='avia_textblock av_inherit_color'  itemprop=\"text\" ><p>3 d\u00b4Octubre del 2019<\/p>\n<\/div><\/section>\n\n<style type=\"text\/css\" data-created_by=\"avia_inline_auto\" id=\"style-css-av-av_hr-4fe7ca31632bc16a918f996b90394a4b\">\n#top .hr.hr-invisible.av-av_hr-4fe7ca31632bc16a918f996b90394a4b{\nheight:2px;\n}\n<\/style>\n<div  class='hr av-av_hr-4fe7ca31632bc16a918f996b90394a4b hr-invisible  avia-builder-el-4  el_after_av_textblock  el_before_av_textblock '><span class='hr-inner '><span class=\"hr-inner-style\"><\/span><\/span><\/div>\n\n<style type=\"text\/css\" data-created_by=\"avia_inline_auto\" id=\"style-css-av-av_textblock-2d38d47c6c21648893d1573789d1ca99\">\n#top .av_textblock_section.av-av_textblock-2d38d47c6c21648893d1573789d1ca99 .avia_textblock{\nfont-size:14px;\ncolor:#0a0a0a;\n}\n<\/style>\n<section  class='av_textblock_section av-av_textblock-2d38d47c6c21648893d1573789d1ca99 '   itemscope=\"itemscope\" itemtype=\"https:\/\/schema.org\/BlogPosting\" itemprop=\"blogPost\" ><div class='avia_textblock av_inherit_color'  itemprop=\"text\" ><p>Aquesta temporada estrenem nova web i amb ella noves formes de comunicar-nos amb la nostra comunitat perqu\u00e8 sempre estigueu informats de les \u00faltimes novetats.<\/p>\n<p>Hem desenvolupat una web molt m\u00e9s visual i intu\u00eftiva on s&#8217;engloben els diferents productes i serveis que ofereix <strong>Prieto Barcelona<\/strong>. La idea \u00e9s tenir una connexi\u00f3 molt m\u00e9s flu\u00efda i interactiva amb els nostres seguidors per proporcionar en tot moment el millor servei.<\/p>\n<\/div><\/section>\n\n<style type=\"text\/css\" data-created_by=\"avia_inline_auto\" id=\"style-css-av-av_hr-373523e22f0366b13a549278f1ad345e\">\n#top .hr.hr-invisible.av-av_hr-373523e22f0366b13a549278f1ad345e{\nheight:10px;\n}\n<\/style>\n<div  class='hr av-av_hr-373523e22f0366b13a549278f1ad345e hr-invisible  avia-builder-el-6  el_after_av_textblock  el_before_av_image '><span class='hr-inner '><span class=\"hr-inner-style\"><\/span><\/span><\/div>\n\n<style type=\"text\/css\" data-created_by=\"avia_inline_auto\" id=\"style-css-av-av_image-462f2ec046824a8aa31ece90e86c1106\">\n.avia-image-container.av-av_image-462f2ec046824a8aa31ece90e86c1106 img.avia_image{\nbox-shadow:none;\n}\n.avia-image-container.av-av_image-462f2ec046824a8aa31ece90e86c1106 .av-image-caption-overlay-center{\ncolor:#ffffff;\n}\n<\/style>\n<div  class='avia-image-container av-av_image-462f2ec046824a8aa31ece90e86c1106 av-styling- avia-align-center  avia-builder-el-7  el_after_av_hr  el_before_av_hr '   itemprop=\"image\" itemscope=\"itemscope\" itemtype=\"https:\/\/schema.org\/ImageObject\" ><div class=\"avia-image-container-inner\"><div class=\"avia-image-overlay-wrap\"><img decoding=\"async\" class='wp-image-5125 avia-img-lazy-loading-not-5125 avia_image ' src=\"https:\/\/pielesprieto.es\/wp-content\/uploads\/2019\/11\/blog_PPaccesible.jpg\" alt='' title='blog_PP+accesible'  height=\"649\" width=\"1224\"  itemprop=\"thumbnailUrl\" srcset=\"https:\/\/pielesprieto.es\/wp-content\/uploads\/2019\/11\/blog_PPaccesible.jpg 1224w, https:\/\/pielesprieto.es\/wp-content\/uploads\/2019\/11\/blog_PPaccesible-300x159.jpg 300w, https:\/\/pielesprieto.es\/wp-content\/uploads\/2019\/11\/blog_PPaccesible-768x407.jpg 768w, https:\/\/pielesprieto.es\/wp-content\/uploads\/2019\/11\/blog_PPaccesible-1030x546.jpg 1030w, https:\/\/pielesprieto.es\/wp-content\/uploads\/2019\/11\/blog_PPaccesible-710x375.jpg 710w, https:\/\/pielesprieto.es\/wp-content\/uploads\/2019\/11\/blog_PPaccesible-705x374.jpg 705w, https:\/\/pielesprieto.es\/wp-content\/uploads\/2019\/11\/blog_PPaccesible-600x318.jpg 600w\" sizes=\"(max-width: 1224px) 100vw, 1224px\" \/><\/div><\/div><\/div>\n\n<style type=\"text\/css\" data-created_by=\"avia_inline_auto\" id=\"style-css-av-av_hr-5d74ded74483867bcf4f6bb06a94fdee\">\n#top .hr.hr-invisible.av-av_hr-5d74ded74483867bcf4f6bb06a94fdee{\nheight:5px;\n}\n<\/style>\n<div  class='hr av-av_hr-5d74ded74483867bcf4f6bb06a94fdee hr-invisible  avia-builder-el-8  el_after_av_image  el_before_av_textblock '><span class='hr-inner '><span class=\"hr-inner-style\"><\/span><\/span><\/div>\n<section  class='av_textblock_section av-av_textblock-2de302bf1aa3cf4c9157dbe6f50ac7eb '   itemscope=\"itemscope\" itemtype=\"https:\/\/schema.org\/BlogPosting\" itemprop=\"blogPost\" ><div class='avia_textblock'  itemprop=\"text\" ><p>Hem incorporat nous canals de contacte dins de la mateixa web com els formularis de consulta o la conversa per Messenger perqu\u00e8 us sigui molt m\u00e9s f\u00e0cil fer-nos arribar qualsevol dubte o comentari que tingueu. Aix\u00ed mateix, ens hem esfor\u00e7at perqu\u00e8 tingueu una \u00f2ptima experi\u00e8ncia des de qualsevol dispositiu que utilitzeu.<\/p>\n<\/div><\/section>\n\n<style type=\"text\/css\" data-created_by=\"avia_inline_auto\" id=\"style-css-av-av_hr-373523e22f0366b13a549278f1ad345e\">\n#top .hr.hr-invisible.av-av_hr-373523e22f0366b13a549278f1ad345e{\nheight:10px;\n}\n<\/style>\n<div  class='hr av-av_hr-373523e22f0366b13a549278f1ad345e hr-invisible  avia-builder-el-10  el_after_av_textblock  el_before_av_hr '><span class='hr-inner '><span class=\"hr-inner-style\"><\/span><\/span><\/div>\n\n<style type=\"text\/css\" data-created_by=\"avia_inline_auto\" id=\"style-css-av-av_hr-373523e22f0366b13a549278f1ad345e\">\n#top .hr.hr-invisible.av-av_hr-373523e22f0366b13a549278f1ad345e{\nheight:10px;\n}\n<\/style>\n<div  class='hr av-av_hr-373523e22f0366b13a549278f1ad345e hr-invisible  avia-builder-el-11  el_after_av_hr  el_before_av_image '><span class='hr-inner '><span class=\"hr-inner-style\"><\/span><\/span><\/div>\n\n<style type=\"text\/css\" data-created_by=\"avia_inline_auto\" id=\"style-css-av-av_image-a16d36d591ab24b340b72dccf2ad068d\">\n.avia-image-container.av-av_image-a16d36d591ab24b340b72dccf2ad068d img.avia_image{\nbox-shadow:none;\n}\n.avia-image-container.av-av_image-a16d36d591ab24b340b72dccf2ad068d .av-image-caption-overlay-center{\ncolor:#ffffff;\n}\n<\/style>\n<div  class='avia-image-container av-av_image-a16d36d591ab24b340b72dccf2ad068d av-styling- avia-align-center  avia-builder-el-12  el_after_av_hr  el_before_av_hr '   itemprop=\"image\" itemscope=\"itemscope\" itemtype=\"https:\/\/schema.org\/ImageObject\" ><div class=\"avia-image-container-inner\"><div class=\"avia-image-overlay-wrap\"><img decoding=\"async\" class='wp-image-5136 avia-img-lazy-loading-not-5136 avia_image ' src=\"https:\/\/pielesprieto.es\/wp-content\/uploads\/2019\/11\/web_mas_accesible_mobile_.jpg\" alt='' title='web_mas_accesible_mobile_'  height=\"501\" width=\"282\"  itemprop=\"thumbnailUrl\" srcset=\"https:\/\/pielesprieto.es\/wp-content\/uploads\/2019\/11\/web_mas_accesible_mobile_.jpg 282w, https:\/\/pielesprieto.es\/wp-content\/uploads\/2019\/11\/web_mas_accesible_mobile_-169x300.jpg 169w\" sizes=\"(max-width: 282px) 100vw, 282px\" \/><\/div><\/div><\/div>\n\n<style type=\"text\/css\" data-created_by=\"avia_inline_auto\" id=\"style-css-av-av_hr-5d74ded74483867bcf4f6bb06a94fdee\">\n#top .hr.hr-invisible.av-av_hr-5d74ded74483867bcf4f6bb06a94fdee{\nheight:5px;\n}\n<\/style>\n<div  class='hr av-av_hr-5d74ded74483867bcf4f6bb06a94fdee hr-invisible  avia-builder-el-13  el_after_av_image  el_before_av_textblock '><span class='hr-inner '><span class=\"hr-inner-style\"><\/span><\/span><\/div>\n<section  class='av_textblock_section av-av_textblock-2de302bf1aa3cf4c9157dbe6f50ac7eb '   itemscope=\"itemscope\" itemtype=\"https:\/\/schema.org\/BlogPosting\" itemprop=\"blogPost\" ><div class='avia_textblock'  itemprop=\"text\" ><p>Ara tamb\u00e9 \u00e9s possible<a href=\"https:\/\/pielesprieto.es\/ca\/disseny-a-mida\/\"> <strong>reservar amb antelaci\u00f3 el nostre Showroom<\/strong> <\/a>en cas de voler una experi\u00e8ncia de compra en un ambient totalment privat i exclusiu de la m\u00e0 dels nostres experts professionals. Pots demanar-nos cita ja sigui per tel\u00e8fon, correu o per Messenger i descobrir tot un m\u00f3n de possibilitats.<\/p>\n<p>De igual manera, les xarxes socials juguen cada vegada un paper m\u00e9s important. Les nostres comptes de Facebook i Instagram ens serveixen per comunicar amb m\u00e9s facilitat els diferents esdeveniments i promocions de qu\u00e8 us volem fer part\u00edcips. D&#8217;aqu\u00ed a poc estar\u00e0 operativa <a href=\"https:\/\/pielesprieto.es\/ca\/tenda-online\/\"><strong>la nostra<\/strong> <strong>botiga on-line<\/strong><\/a>, on podreu trobar els millors complements de pell per lluir en cada moment el look que m\u00e9s us emocioni.<\/p>\n<\/div><\/section>\n<section  class='av_textblock_section av-av_textblock-2de302bf1aa3cf4c9157dbe6f50ac7eb '   itemscope=\"itemscope\" itemtype=\"https:\/\/schema.org\/BlogPosting\" itemprop=\"blogPost\" ><div class='avia_textblock'  itemprop=\"text\" ><p>Subscriu-te a la nostra Newsletter i aviat rebr\u00e0s les millors promocions exclusives. Us esperem a tots!<\/p>\n<\/div><\/section>\n<div  class='av-social-sharing-box av-av_social_share-154f3c0b8d4df222b11bc43eeb2be2bc av-social-sharing-box-default  avia-builder-el-16  el_after_av_textblock  el_before_av_hr  av-social-sharing-box-fullwidth'><div class=\"av-share-box\"><h5 class='av-share-link-description av-no-toc '>Compartir esta entrada:<\/h5><ul class=\"av-share-box-list noLightbox\"><li class='av-share-link av-social-link-facebook' ><a target=\"_blank\" aria-label=\"Compartir a Facebook\" href='https:\/\/www.facebook.com\/sharer.php?u=https:\/\/pielesprieto.es\/ca\/contacte-pelleteria-prieto-barcelona\/&#038;t=Prieto%20Barcelona%20m%C3%A9s%20accesible%20que%20mai' aria-hidden='false' data-av_icon='\ue8f3' data-av_iconfont='entypo-fontello' title='' data-avia-related-tooltip='Compartir a Facebook' rel=\"noopener\"><span class='avia_hidden_link_text'>Compartir a Facebook<\/span><\/a><\/li><li class='av-share-link av-social-link-twitter' ><a target=\"_blank\" aria-label=\"Compartir a Twitter\" href='https:\/\/twitter.com\/share?text=Prieto%20Barcelona%20m%C3%A9s%20accesible%20que%20mai&#038;url=https:\/\/pielesprieto.es\/ca\/?p=5148' aria-hidden='false' data-av_icon='\ue8f1' data-av_iconfont='entypo-fontello' title='' data-avia-related-tooltip='Compartir a Twitter' rel=\"noopener\"><span class='avia_hidden_link_text'>Compartir a Twitter<\/span><\/a><\/li><li class='av-share-link av-social-link-whatsapp' ><a target=\"_blank\" aria-label=\"Share on WhatsApp\" href='https:\/\/api.whatsapp.com\/send?text=https:\/\/pielesprieto.es\/ca\/contacte-pelleteria-prieto-barcelona\/' aria-hidden='false' data-av_icon='\uf232' data-av_iconfont='entypo-fontello' title='' data-avia-related-tooltip='Share on WhatsApp' rel=\"noopener\"><span class='avia_hidden_link_text'>Share on WhatsApp<\/span><\/a><\/li><li class='av-share-link av-social-link-mail' ><a  aria-label=\"Compartir per correu\" href='mailto:?subject=Prieto%20Barcelona%20m%C3%A9s%20accesible%20que%20mai&#038;body=https:\/\/pielesprieto.es\/ca\/contacte-pelleteria-prieto-barcelona\/' aria-hidden='false' data-av_icon='\ue805' data-av_iconfont='entypo-fontello' title='' data-avia-related-tooltip='Compartir per correu'><span class='avia_hidden_link_text'>Compartir per correu<\/span><\/a><\/li><\/ul><\/div><\/div>\n\n<style type=\"text\/css\" data-created_by=\"avia_inline_auto\" id=\"style-css-av-av_hr-616cd310f4c6bf63bbd1f033802c1165\">\n#top .hr.hr-invisible.av-av_hr-616cd310f4c6bf63bbd1f033802c1165{\nheight:20px;\n}\n<\/style>\n<div  class='hr av-av_hr-616cd310f4c6bf63bbd1f033802c1165 hr-invisible  avia-builder-el-17  el_after_av_social_share  el_before_av_comments_list '><span class='hr-inner '><span class=\"hr-inner-style\"><\/span><\/span><\/div>\n<div  class='av-buildercomment av-av_comments_list-88ce68e426f11248fa394058a3de040f  av-blog-meta-author-disabled av-blog-meta-comments-disabled av-blog-meta-category-disabled av-blog-meta-html-info-disabled av-blog-meta-tag-disabled'><\/div>\n<div  class='hr av-av_hr-0ff602b3e980a3377077ff3c1c834df6 hr-default  avia-builder-el-19  el_after_av_comments_list  avia-builder-el-last '><span class='hr-inner '><span class=\"hr-inner-style\"><\/span><\/span><\/div>\n","protected":false},"excerpt":{"rendered":"","protected":false},"author":2,"featured_media":5125,"comment_status":"closed","ping_status":"closed","sticky":false,"template":"","format":"standard","meta":[],"categories":[44],"tags":[427,421,422,428,132,429,431,408,430,426],"yoast_head":"<!-- This site is optimized with the Yoast SEO plugin v20.9 - https:\/\/yoast.com\/wordpress\/plugins\/seo\/ -->\n<title>Prieto Barcelona m\u00e9s accesible que mai - Pieles Prieto<\/title>\n<meta name=\"description\" content=\"Ara la web de Prieto Barcelona ofereix nous canals de comunicaci\u00f3 amb els seus clients. Contacte amb nosaltres per tel\u00e8fon, correu o Messenger chat !\" \/>\n<meta name=\"robots\" content=\"index, follow, max-snippet:-1, max-image-preview:large, max-video-preview:-1\" \/>\n<link rel=\"canonical\" href=\"https:\/\/pielesprieto.es\/ca\/contacte-pelleteria-prieto-barcelona\/\" \/>\n<meta property=\"og:locale\" content=\"ca_ES\" \/>\n<meta property=\"og:type\" content=\"article\" \/>\n<meta property=\"og:title\" content=\"Prieto Barcelona m\u00e9s accesible que mai - Pieles Prieto\" \/>\n<meta property=\"og:description\" content=\"Ara la web de Prieto Barcelona ofereix nous canals de comunicaci\u00f3 amb els seus clients. Contacte amb nosaltres per tel\u00e8fon, correu o Messenger chat !\" \/>\n<meta property=\"og:url\" content=\"https:\/\/pielesprieto.es\/ca\/contacte-pelleteria-prieto-barcelona\/\" \/>\n<meta property=\"og:site_name\" content=\"Pieles Prieto\" \/>\n<meta property=\"article:publisher\" content=\"https:\/\/www.facebook.com\/pielesprietobarcelona\/\" \/>\n<meta property=\"article:published_time\" content=\"2019-10-03T09:06:17+00:00\" \/>\n<meta property=\"article:modified_time\" content=\"2019-11-27T13:02:08+00:00\" \/>\n<meta property=\"og:image\" content=\"https:\/\/pielesprieto.es\/wp-content\/uploads\/2019\/11\/blog_PPaccesible.jpg\" \/>\n\t<meta property=\"og:image:width\" content=\"1224\" \/>\n\t<meta property=\"og:image:height\" content=\"649\" \/>\n\t<meta property=\"og:image:type\" content=\"image\/jpeg\" \/>\n<meta name=\"author\" content=\"pp-administrador\" \/>\n<meta name=\"twitter:card\" content=\"summary_large_image\" \/>\n<meta name=\"twitter:creator\" content=\"@PielesPrieto\" \/>\n<meta name=\"twitter:site\" content=\"@PielesPrieto\" \/>\n<meta name=\"twitter:label1\" content=\"Escrit per\" \/>\n\t<meta name=\"twitter:data1\" content=\"pp-administrador\" \/>\n\t<meta name=\"twitter:label2\" content=\"Temps estimat de lectura\" \/>\n\t<meta name=\"twitter:data2\" content=\"5 minuts\" \/>\n<script type=\"application\/ld+json\" class=\"yoast-schema-graph\">{\"@context\":\"https:\/\/schema.org\",\"@graph\":[{\"@type\":\"WebPage\",\"@id\":\"https:\/\/pielesprieto.es\/ca\/contacte-pelleteria-prieto-barcelona\/\",\"url\":\"https:\/\/pielesprieto.es\/ca\/contacte-pelleteria-prieto-barcelona\/\",\"name\":\"Prieto Barcelona m\u00e9s accesible que mai - Pieles Prieto\",\"isPartOf\":{\"@id\":\"https:\/\/pielesprieto.es\/#website\"},\"datePublished\":\"2019-10-03T09:06:17+00:00\",\"dateModified\":\"2019-11-27T13:02:08+00:00\",\"author\":{\"@id\":\"https:\/\/pielesprieto.es\/#\/schema\/person\/4aaf000877c5e8415630ee8b3e7a0bdf\"},\"description\":\"Ara la web de Prieto Barcelona ofereix nous canals de comunicaci\u00f3 amb els seus clients. Contacte amb nosaltres per tel\u00e8fon, correu o Messenger chat !\",\"breadcrumb\":{\"@id\":\"https:\/\/pielesprieto.es\/ca\/contacte-pelleteria-prieto-barcelona\/#breadcrumb\"},\"inLanguage\":\"ca\",\"potentialAction\":[{\"@type\":\"ReadAction\",\"target\":[\"https:\/\/pielesprieto.es\/ca\/contacte-pelleteria-prieto-barcelona\/\"]}]},{\"@type\":\"BreadcrumbList\",\"@id\":\"https:\/\/pielesprieto.es\/ca\/contacte-pelleteria-prieto-barcelona\/#breadcrumb\",\"itemListElement\":[{\"@type\":\"ListItem\",\"position\":1,\"name\":\"Portada\",\"item\":\"https:\/\/pielesprieto.es\/ca\/inici\/\"},{\"@type\":\"ListItem\",\"position\":2,\"name\":\"Prieto Barcelona m\u00e9s accesible que mai\"}]},{\"@type\":\"WebSite\",\"@id\":\"https:\/\/pielesprieto.es\/#website\",\"url\":\"https:\/\/pielesprieto.es\/\",\"name\":\"Pieles Prieto\",\"description\":\"Pieles Prieto\",\"potentialAction\":[{\"@type\":\"SearchAction\",\"target\":{\"@type\":\"EntryPoint\",\"urlTemplate\":\"https:\/\/pielesprieto.es\/?s={search_term_string}\"},\"query-input\":\"required name=search_term_string\"}],\"inLanguage\":\"ca\"},{\"@type\":\"Person\",\"@id\":\"https:\/\/pielesprieto.es\/#\/schema\/person\/4aaf000877c5e8415630ee8b3e7a0bdf\",\"name\":\"pp-administrador\",\"url\":\"https:\/\/pielesprieto.es\/ca\/author\/pp-administrador\/\"}]}<\/script>\n<!-- \/ Yoast SEO plugin. -->","yoast_head_json":{"title":"Prieto Barcelona m\u00e9s accesible que mai - Pieles Prieto","description":"Ara la web de Prieto Barcelona ofereix nous canals de comunicaci\u00f3 amb els seus clients. Contacte amb nosaltres per tel\u00e8fon, correu o Messenger chat !","robots":{"index":"index","follow":"follow","max-snippet":"max-snippet:-1","max-image-preview":"max-image-preview:large","max-video-preview":"max-video-preview:-1"},"canonical":"https:\/\/pielesprieto.es\/ca\/contacte-pelleteria-prieto-barcelona\/","og_locale":"ca_ES","og_type":"article","og_title":"Prieto Barcelona m\u00e9s accesible que mai - Pieles Prieto","og_description":"Ara la web de Prieto Barcelona ofereix nous canals de comunicaci\u00f3 amb els seus clients. Contacte amb nosaltres per tel\u00e8fon, correu o Messenger chat !","og_url":"https:\/\/pielesprieto.es\/ca\/contacte-pelleteria-prieto-barcelona\/","og_site_name":"Pieles Prieto","article_publisher":"https:\/\/www.facebook.com\/pielesprietobarcelona\/","article_published_time":"2019-10-03T09:06:17+00:00","article_modified_time":"2019-11-27T13:02:08+00:00","og_image":[{"width":1224,"height":649,"url":"https:\/\/pielesprieto.es\/wp-content\/uploads\/2019\/11\/blog_PPaccesible.jpg","type":"image\/jpeg"}],"author":"pp-administrador","twitter_card":"summary_large_image","twitter_creator":"@PielesPrieto","twitter_site":"@PielesPrieto","twitter_misc":{"Escrit per":"pp-administrador","Temps estimat de lectura":"5 minuts"},"schema":{"@context":"https:\/\/schema.org","@graph":[{"@type":"WebPage","@id":"https:\/\/pielesprieto.es\/ca\/contacte-pelleteria-prieto-barcelona\/","url":"https:\/\/pielesprieto.es\/ca\/contacte-pelleteria-prieto-barcelona\/","name":"Prieto Barcelona m\u00e9s accesible que mai - Pieles Prieto","isPartOf":{"@id":"https:\/\/pielesprieto.es\/#website"},"datePublished":"2019-10-03T09:06:17+00:00","dateModified":"2019-11-27T13:02:08+00:00","author":{"@id":"https:\/\/pielesprieto.es\/#\/schema\/person\/4aaf000877c5e8415630ee8b3e7a0bdf"},"description":"Ara la web de Prieto Barcelona ofereix nous canals de comunicaci\u00f3 amb els seus clients. Contacte amb nosaltres per tel\u00e8fon, correu o Messenger chat !","breadcrumb":{"@id":"https:\/\/pielesprieto.es\/ca\/contacte-pelleteria-prieto-barcelona\/#breadcrumb"},"inLanguage":"ca","potentialAction":[{"@type":"ReadAction","target":["https:\/\/pielesprieto.es\/ca\/contacte-pelleteria-prieto-barcelona\/"]}]},{"@type":"BreadcrumbList","@id":"https:\/\/pielesprieto.es\/ca\/contacte-pelleteria-prieto-barcelona\/#breadcrumb","itemListElement":[{"@type":"ListItem","position":1,"name":"Portada","item":"https:\/\/pielesprieto.es\/ca\/inici\/"},{"@type":"ListItem","position":2,"name":"Prieto Barcelona m\u00e9s accesible que mai"}]},{"@type":"WebSite","@id":"https:\/\/pielesprieto.es\/#website","url":"https:\/\/pielesprieto.es\/","name":"Pieles Prieto","description":"Pieles Prieto","potentialAction":[{"@type":"SearchAction","target":{"@type":"EntryPoint","urlTemplate":"https:\/\/pielesprieto.es\/?s={search_term_string}"},"query-input":"required name=search_term_string"}],"inLanguage":"ca"},{"@type":"Person","@id":"https:\/\/pielesprieto.es\/#\/schema\/person\/4aaf000877c5e8415630ee8b3e7a0bdf","name":"pp-administrador","url":"https:\/\/pielesprieto.es\/ca\/author\/pp-administrador\/"}]}},"_links":{"self":[{"href":"https:\/\/pielesprieto.es\/ca\/wp-json\/wp\/v2\/posts\/5148"}],"collection":[{"href":"https:\/\/pielesprieto.es\/ca\/wp-json\/wp\/v2\/posts"}],"about":[{"href":"https:\/\/pielesprieto.es\/ca\/wp-json\/wp\/v2\/types\/post"}],"author":[{"embeddable":true,"href":"https:\/\/pielesprieto.es\/ca\/wp-json\/wp\/v2\/users\/2"}],"replies":[{"embeddable":true,"href":"https:\/\/pielesprieto.es\/ca\/wp-json\/wp\/v2\/comments?post=5148"}],"version-history":[{"count":3,"href":"https:\/\/pielesprieto.es\/ca\/wp-json\/wp\/v2\/posts\/5148\/revisions"}],"predecessor-version":[{"id":5186,"href":"https:\/\/pielesprieto.es\/ca\/wp-json\/wp\/v2\/posts\/5148\/revisions\/5186"}],"wp:featuredmedia":[{"embeddable":true,"href":"https:\/\/pielesprieto.es\/ca\/wp-json\/wp\/v2\/media\/5125"}],"wp:attachment":[{"href":"https:\/\/pielesprieto.es\/ca\/wp-json\/wp\/v2\/media?parent=5148"}],"wp:term":[{"taxonomy":"category","embeddable":true,"href":"https:\/\/pielesprieto.es\/ca\/wp-json\/wp\/v2\/categories?post=5148"},{"taxonomy":"post_tag","embeddable":true,"href":"https:\/\/pielesprieto.es\/ca\/wp-json\/wp\/v2\/tags?post=5148"}],"curies":[{"name":"wp","href":"https:\/\/api.w.org\/{rel}","templated":true}]}}