{"id":3743,"date":"2019-05-09T16:55:21","date_gmt":"2019-05-09T14:55:21","guid":{"rendered":"https:\/\/pielesprieto.es\/?p=3743"},"modified":"2019-11-26T17:23:47","modified_gmt":"2019-11-26T15:23:47","slug":"manteniment-pelleteria-cambra","status":"publish","type":"post","link":"https:\/\/pielesprieto.es\/ca\/manteniment-pelleteria-cambra\/","title":{"rendered":"Arriba el canvi d&#8217;armari, torno a guardar els meus articles de pelleteria a l\u2019armari?"},"content":{"rendered":"\n<style type=\"text\/css\" data-created_by=\"avia_inline_auto\" id=\"style-css-av-av_section-0430dac87e95ed68a9109a1c9ddcca0f\">\n.avia-section.av-av_section-0430dac87e95ed68a9109a1c9ddcca0f{\nbackground-color:#0a0a0a;\nbackground-image:unset;\n}\n<\/style>\n<div id='av_section_1'  class='avia-section av-av_section-0430dac87e95ed68a9109a1c9ddcca0f main_color avia-section-default avia-no-shadow  avia-builder-el-0  el_before_av_textblock  avia-builder-el-first  avia-bg-style-scroll container_wrap sidebar_right'  ><div class='container av-section-cont-open' ><main  role=\"main\" itemprop=\"mainContentOfPage\"  class='template-page content  av-content-small alpha units'><div class='post-entry post-entry-type-page post-entry-3743'><div class='entry-content-wrapper clearfix'>\n<section  class='av_textblock_section av-av_textblock-2de302bf1aa3cf4c9157dbe6f50ac7eb '   itemscope=\"itemscope\" itemtype=\"https:\/\/schema.org\/BlogPosting\" itemprop=\"blogPost\" ><div class='avia_textblock'  itemprop=\"text\" ><h1 style=\"text-align: center\"><span style=\"color: #ffffff\">BLOG DE PRIETO BARCELONA<\/span><\/h1>\n<h5 style=\"text-align: center\"><span style=\"color: #ffffff\">Totes les not\u00edcies de la marca i del sector pelleter<\/span><\/h5>\n<\/div><\/section>\n<\/div><\/div><\/main><!-- close content main element --><\/div><\/div><div id='after_section_1'  class='main_color av_default_container_wrap container_wrap sidebar_right'  ><div class='container av-section-cont-open' ><div class='template-page content  av-content-small alpha units'><div class='post-entry post-entry-type-page post-entry-3743'><div class='entry-content-wrapper clearfix'>\n\n<style type=\"text\/css\" data-created_by=\"avia_inline_auto\" id=\"style-css-av-av_textblock-07d9ed8e88f936c1ae08938f46e74f2a\">\n#top .av_textblock_section.av-av_textblock-07d9ed8e88f936c1ae08938f46e74f2a .avia_textblock{\nfont-size:34px;\n}\n<\/style>\n<section  class='av_textblock_section av-av_textblock-07d9ed8e88f936c1ae08938f46e74f2a '   itemscope=\"itemscope\" itemtype=\"https:\/\/schema.org\/BlogPosting\" itemprop=\"blogPost\" ><div class='avia_textblock'  itemprop=\"text\" ><h3><strong>ARRIBA EL CANVI D\u2019ARMARI, ON GUARDO ELS MEUS ARTICLES DE PELLETERIA?<\/strong><\/h3>\n<\/div><\/section>\n\n<style type=\"text\/css\" data-created_by=\"avia_inline_auto\" id=\"style-css-av-av_hr-4fe7ca31632bc16a918f996b90394a4b\">\n#top .hr.hr-invisible.av-av_hr-4fe7ca31632bc16a918f996b90394a4b{\nheight:2px;\n}\n<\/style>\n<div  class='hr av-av_hr-4fe7ca31632bc16a918f996b90394a4b hr-invisible  avia-builder-el-3  el_after_av_textblock  el_before_av_textblock '><span class='hr-inner '><span class=\"hr-inner-style\"><\/span><\/span><\/div>\n\n<style type=\"text\/css\" data-created_by=\"avia_inline_auto\" id=\"style-css-av-av_textblock-2d38d47c6c21648893d1573789d1ca99\">\n#top .av_textblock_section.av-av_textblock-2d38d47c6c21648893d1573789d1ca99 .avia_textblock{\nfont-size:14px;\ncolor:#0a0a0a;\n}\n<\/style>\n<section  class='av_textblock_section av-av_textblock-2d38d47c6c21648893d1573789d1ca99 '   itemscope=\"itemscope\" itemtype=\"https:\/\/schema.org\/BlogPosting\" itemprop=\"blogPost\" ><div class='avia_textblock av_inherit_color'  itemprop=\"text\" ><p><strong>Pugen les temperatures, arriba el moment del canvi d&#8217;armari i molts es retroben amb antics articles de pelleteria. De sobte, apareixen diversos dubtes! On guardo els meus articles de pell? Com els guardo per garantir la seva \u00f2ptima conservaci\u00f3? Tinc l&#8217;espai suficient per guardar-los sense que el p\u00e8l quedi aixafat? Avui et parlem de la <a href=\"https:\/\/pielesprieto.es\/ca\/cambra-conservacio\/\" target=\"_blank\" rel=\"noopener\">cambra de conservaci\u00f3<\/a> per articles de pelleteria, una soluci\u00f3 que pot alliberar-te de totes aquestes preocupacions.<\/strong><\/p>\n<\/div><\/section>\n<section  class='av_textblock_section av-av_textblock-2de302bf1aa3cf4c9157dbe6f50ac7eb '   itemscope=\"itemscope\" itemtype=\"https:\/\/schema.org\/BlogPosting\" itemprop=\"blogPost\" ><div class='avia_textblock'  itemprop=\"text\" ><p>Com ja vam comentar en un article anterior, <a href=\"https:\/\/pielesprieto.es\/ca\/conservacio-manteniment-pelleteria\/\" target=\"_blank\" rel=\"noopener\"><u>l&#8217;ambient ideal per guarda els articles de pelleteria<\/u><\/a> \u00e9s un espai amb una humitat del 45% i una temperatura d&#8217;entre 11 i 13 graus cent\u00edgrads. <strong>La millor manera d&#8217;assegurar-te que els teus articles estan en perfecte estat i sota aquestes condicions \u00e9s guardar-los en una cambra de conservaci\u00f3 de pelleteria.<\/strong><\/p>\n<\/div><\/section>\n\n<style type=\"text\/css\" data-created_by=\"avia_inline_auto\" id=\"style-css-av-av_hr-373523e22f0366b13a549278f1ad345e\">\n#top .hr.hr-invisible.av-av_hr-373523e22f0366b13a549278f1ad345e{\nheight:10px;\n}\n<\/style>\n<div  class='hr av-av_hr-373523e22f0366b13a549278f1ad345e hr-invisible  avia-builder-el-6  el_after_av_textblock  el_before_av_image '><span class='hr-inner '><span class=\"hr-inner-style\"><\/span><\/span><\/div>\n\n<style type=\"text\/css\" data-created_by=\"avia_inline_auto\" id=\"style-css-av-av_image-571bbb89febe7bb258bb145114e014de\">\n.avia-image-container.av-av_image-571bbb89febe7bb258bb145114e014de img.avia_image{\nbox-shadow:none;\n}\n.avia-image-container.av-av_image-571bbb89febe7bb258bb145114e014de .av-image-caption-overlay-center{\ncolor:#ffffff;\n}\n<\/style>\n<div  class='avia-image-container av-av_image-571bbb89febe7bb258bb145114e014de av-styling- avia-align-center  avia-builder-el-7  el_after_av_hr  el_before_av_hr '   itemprop=\"image\" itemscope=\"itemscope\" itemtype=\"https:\/\/schema.org\/ImageObject\" ><div class=\"avia-image-container-inner\"><div class=\"avia-image-overlay-wrap\"><img decoding=\"async\" class='wp-image-3735 avia-img-lazy-loading-not-3735 avia_image ' src=\"https:\/\/pielesprieto.es\/wp-content\/uploads\/2019\/05\/201905_CAMARA-CONSERVACI\u00d3N.jpg\" alt='Servicio de c\u00e1mara de conservaci\u00f3n de peleter\u00eda.' title='C\u00e1mara de conservaci\u00f3n de peleter\u00eda'  height=\"660\" width=\"960\"  itemprop=\"thumbnailUrl\" srcset=\"https:\/\/pielesprieto.es\/wp-content\/uploads\/2019\/05\/201905_CAMARA-CONSERVACI\u00d3N.jpg 960w, https:\/\/pielesprieto.es\/wp-content\/uploads\/2019\/05\/201905_CAMARA-CONSERVACI\u00d3N-600x413.jpg 600w\" sizes=\"(max-width: 960px) 100vw, 960px\" \/><\/div><\/div><\/div>\n\n<style type=\"text\/css\" data-created_by=\"avia_inline_auto\" id=\"style-css-av-av_hr-5d74ded74483867bcf4f6bb06a94fdee\">\n#top .hr.hr-invisible.av-av_hr-5d74ded74483867bcf4f6bb06a94fdee{\nheight:5px;\n}\n<\/style>\n<div  class='hr av-av_hr-5d74ded74483867bcf4f6bb06a94fdee hr-invisible  avia-builder-el-8  el_after_av_image  el_before_av_textblock '><span class='hr-inner '><span class=\"hr-inner-style\"><\/span><\/span><\/div>\n<section  class='av_textblock_section av-av_textblock-2de302bf1aa3cf4c9157dbe6f50ac7eb '   itemscope=\"itemscope\" itemtype=\"https:\/\/schema.org\/BlogPosting\" itemprop=\"blogPost\" ><div class='avia_textblock'  itemprop=\"text\" ><p>Tanmateix, no tots els serveis de cambra s\u00f3n iguals i \u00e9s important recorre a establiments especialitzats en articles que ofereixin la confian\u00e7a i la seguretat necess\u00e0ria per cuidar articles de pell de gran valor tant material com sentimental. A Prieto Barcelona oferim la nostra experi\u00e8ncia com a garantia de confian\u00e7a i afegim alguns extres. En primer lloc, <strong>ajustem el preu<\/strong> fins a oferir un servei a un preu considerablement econ\u00f2mic tenint en compte la tranquil\u00b7litat que d\u00f3na als seus clients. En segon lloc, <strong>incloem un rep\u00e0s de l&#8217;article<\/strong> per part del nostre equip de pelleters per comprovar l&#8217;estat d&#8217;aquesta. Per \u00faltim, <strong>disposem d&#8217;un servei de recollida i entrega gratu\u00eft<\/strong> a Barcelona.<\/p>\n<\/div><\/section>\n<section  class='av_textblock_section av-av_textblock-2de302bf1aa3cf4c9157dbe6f50ac7eb '   itemscope=\"itemscope\" itemtype=\"https:\/\/schema.org\/BlogPosting\" itemprop=\"blogPost\" ><div class='avia_textblock'  itemprop=\"text\" ><p>Esperem que aquesta informaci\u00f3 sobre el servei de cambra de conservaci\u00f3 d&#8217;articles de pelleteria t&#8217;hagi resolt alguns dubtes per\u00f2, si necessites m\u00e9s informaci\u00f3, sempre pots <a href=\"https:\/\/pielesprieto.es\/ca\/contacte\/\" target=\"_blank\" rel=\"noopener\"><u>contactar amb nosaltres;)<\/u><\/a>. Ens veiem en el seg\u00fcent article!<\/p>\n<\/div><\/section>\n\n<style type=\"text\/css\" data-created_by=\"avia_inline_auto\" id=\"style-css-av-av_hr-616cd310f4c6bf63bbd1f033802c1165\">\n#top .hr.hr-invisible.av-av_hr-616cd310f4c6bf63bbd1f033802c1165{\nheight:20px;\n}\n<\/style>\n<div  class='hr av-av_hr-616cd310f4c6bf63bbd1f033802c1165 hr-invisible  avia-builder-el-11  el_after_av_textblock  el_before_av_social_share '><span class='hr-inner '><span class=\"hr-inner-style\"><\/span><\/span><\/div>\n<div  class='av-social-sharing-box av-av_social_share-154f3c0b8d4df222b11bc43eeb2be2bc av-social-sharing-box-default  avia-builder-el-12  el_after_av_hr  el_before_av_hr  av-social-sharing-box-fullwidth'><div class=\"av-share-box\"><h5 class='av-share-link-description av-no-toc '>Compartir esta entrada:<\/h5><ul class=\"av-share-box-list noLightbox\"><li class='av-share-link av-social-link-facebook' ><a target=\"_blank\" aria-label=\"Compartir a Facebook\" href='https:\/\/www.facebook.com\/sharer.php?u=https:\/\/pielesprieto.es\/ca\/manteniment-pelleteria-cambra\/&#038;t=Arriba%20el%20canvi%20d%E2%80%99armari%2C%20torno%20a%20guardar%20els%20meus%20articles%20de%20pelleteria%20a%20l%E2%80%99armari%3F' aria-hidden='false' data-av_icon='\ue8f3' data-av_iconfont='entypo-fontello' title='' data-avia-related-tooltip='Compartir a Facebook' rel=\"noopener\"><span class='avia_hidden_link_text'>Compartir a Facebook<\/span><\/a><\/li><li class='av-share-link av-social-link-twitter' ><a target=\"_blank\" aria-label=\"Compartir a Twitter\" href='https:\/\/twitter.com\/share?text=Arriba%20el%20canvi%20d%E2%80%99armari%2C%20torno%20a%20guardar%20els%20meus%20articles%20de%20pelleteria%20a%20l%E2%80%99armari%3F&#038;url=https:\/\/pielesprieto.es\/ca\/?p=3743' aria-hidden='false' data-av_icon='\ue8f1' data-av_iconfont='entypo-fontello' title='' data-avia-related-tooltip='Compartir a Twitter' rel=\"noopener\"><span class='avia_hidden_link_text'>Compartir a Twitter<\/span><\/a><\/li><li class='av-share-link av-social-link-whatsapp' ><a target=\"_blank\" aria-label=\"Share on WhatsApp\" href='https:\/\/api.whatsapp.com\/send?text=https:\/\/pielesprieto.es\/ca\/manteniment-pelleteria-cambra\/' aria-hidden='false' data-av_icon='\uf232' data-av_iconfont='entypo-fontello' title='' data-avia-related-tooltip='Share on WhatsApp' rel=\"noopener\"><span class='avia_hidden_link_text'>Share on WhatsApp<\/span><\/a><\/li><li class='av-share-link av-social-link-mail' ><a  aria-label=\"Compartir per correu\" href='mailto:?subject=Arriba%20el%20canvi%20d%E2%80%99armari%2C%20torno%20a%20guardar%20els%20meus%20articles%20de%20pelleteria%20a%20l%E2%80%99armari%3F&#038;body=https:\/\/pielesprieto.es\/ca\/manteniment-pelleteria-cambra\/' aria-hidden='false' data-av_icon='\ue805' data-av_iconfont='entypo-fontello' title='' data-avia-related-tooltip='Compartir per correu'><span class='avia_hidden_link_text'>Compartir per correu<\/span><\/a><\/li><\/ul><\/div><\/div>\n\n<style type=\"text\/css\" data-created_by=\"avia_inline_auto\" id=\"style-css-av-av_hr-616cd310f4c6bf63bbd1f033802c1165\">\n#top .hr.hr-invisible.av-av_hr-616cd310f4c6bf63bbd1f033802c1165{\nheight:20px;\n}\n<\/style>\n<div  class='hr av-av_hr-616cd310f4c6bf63bbd1f033802c1165 hr-invisible  avia-builder-el-13  el_after_av_social_share  el_before_av_comments_list '><span class='hr-inner '><span class=\"hr-inner-style\"><\/span><\/span><\/div>\n<div  class='av-buildercomment av-av_comments_list-88ce68e426f11248fa394058a3de040f  av-blog-meta-author-disabled av-blog-meta-comments-disabled av-blog-meta-category-disabled av-blog-meta-html-info-disabled av-blog-meta-tag-disabled'><\/div>\n","protected":false},"excerpt":{"rendered":"","protected":false},"author":2,"featured_media":3735,"comment_status":"closed","ping_status":"closed","sticky":false,"template":"","format":"standard","meta":[],"categories":[42,148],"tags":[414,392,132,68,370,405,377,376],"yoast_head":"<!-- This site is optimized with the Yoast SEO plugin v20.9 - https:\/\/yoast.com\/wordpress\/plugins\/seo\/ -->\n<title>Manteniment dels articles de pelleteria a l&#039;estiu - Prieto Barcelona<\/title>\n<meta name=\"description\" content=\"Tenim la soluci\u00f3 per la conservaci\u00f3 dels teus articles de pelleteria durant els mesos de calor. Un servei econ\u00f2mic, c\u00f2mode i segur.\" \/>\n<meta name=\"robots\" content=\"index, follow, max-snippet:-1, max-image-preview:large, max-video-preview:-1\" \/>\n<link rel=\"canonical\" href=\"https:\/\/pielesprieto.es\/ca\/manteniment-pelleteria-cambra\/\" \/>\n<meta property=\"og:locale\" content=\"ca_ES\" \/>\n<meta property=\"og:type\" content=\"article\" \/>\n<meta property=\"og:title\" content=\"Manteniment dels articles de pelleteria a l&#039;estiu - Prieto Barcelona\" \/>\n<meta property=\"og:description\" content=\"Tenim la soluci\u00f3 per la conservaci\u00f3 dels teus articles de pelleteria durant els mesos de calor. Un servei econ\u00f2mic, c\u00f2mode i segur.\" \/>\n<meta property=\"og:url\" content=\"https:\/\/pielesprieto.es\/ca\/manteniment-pelleteria-cambra\/\" \/>\n<meta property=\"og:site_name\" content=\"Pieles Prieto\" \/>\n<meta property=\"article:publisher\" content=\"https:\/\/www.facebook.com\/pielesprietobarcelona\/\" \/>\n<meta property=\"article:published_time\" content=\"2019-05-09T14:55:21+00:00\" \/>\n<meta property=\"article:modified_time\" content=\"2019-11-26T15:23:47+00:00\" \/>\n<meta property=\"og:image\" content=\"https:\/\/pielesprieto.es\/wp-content\/uploads\/2019\/05\/201905_CAMARA-CONSERVACI\u00d3N.jpg\" \/>\n\t<meta property=\"og:image:width\" content=\"960\" \/>\n\t<meta property=\"og:image:height\" content=\"660\" \/>\n\t<meta property=\"og:image:type\" content=\"image\/jpeg\" \/>\n<meta name=\"author\" content=\"pp-administrador\" \/>\n<meta name=\"twitter:card\" content=\"summary_large_image\" \/>\n<meta name=\"twitter:creator\" content=\"@PielesPrieto\" \/>\n<meta name=\"twitter:site\" content=\"@PielesPrieto\" \/>\n<meta name=\"twitter:label1\" content=\"Escrit per\" \/>\n\t<meta name=\"twitter:data1\" content=\"pp-administrador\" \/>\n\t<meta name=\"twitter:label2\" content=\"Temps estimat de lectura\" \/>\n\t<meta name=\"twitter:data2\" content=\"4 minuts\" \/>\n<script type=\"application\/ld+json\" class=\"yoast-schema-graph\">{\"@context\":\"https:\/\/schema.org\",\"@graph\":[{\"@type\":\"WebPage\",\"@id\":\"https:\/\/pielesprieto.es\/ca\/manteniment-pelleteria-cambra\/\",\"url\":\"https:\/\/pielesprieto.es\/ca\/manteniment-pelleteria-cambra\/\",\"name\":\"Manteniment dels articles de pelleteria a l'estiu - Prieto Barcelona\",\"isPartOf\":{\"@id\":\"https:\/\/pielesprieto.es\/#website\"},\"datePublished\":\"2019-05-09T14:55:21+00:00\",\"dateModified\":\"2019-11-26T15:23:47+00:00\",\"author\":{\"@id\":\"https:\/\/pielesprieto.es\/#\/schema\/person\/4aaf000877c5e8415630ee8b3e7a0bdf\"},\"description\":\"Tenim la soluci\u00f3 per la conservaci\u00f3 dels teus articles de pelleteria durant els mesos de calor. Un servei econ\u00f2mic, c\u00f2mode i segur.\",\"breadcrumb\":{\"@id\":\"https:\/\/pielesprieto.es\/ca\/manteniment-pelleteria-cambra\/#breadcrumb\"},\"inLanguage\":\"ca\",\"potentialAction\":[{\"@type\":\"ReadAction\",\"target\":[\"https:\/\/pielesprieto.es\/ca\/manteniment-pelleteria-cambra\/\"]}]},{\"@type\":\"BreadcrumbList\",\"@id\":\"https:\/\/pielesprieto.es\/ca\/manteniment-pelleteria-cambra\/#breadcrumb\",\"itemListElement\":[{\"@type\":\"ListItem\",\"position\":1,\"name\":\"Portada\",\"item\":\"https:\/\/pielesprieto.es\/ca\/inici\/\"},{\"@type\":\"ListItem\",\"position\":2,\"name\":\"Arriba el canvi d&#8217;armari, torno a guardar els meus articles de pelleteria a l\u2019armari?\"}]},{\"@type\":\"WebSite\",\"@id\":\"https:\/\/pielesprieto.es\/#website\",\"url\":\"https:\/\/pielesprieto.es\/\",\"name\":\"Pieles Prieto\",\"description\":\"Pieles Prieto\",\"potentialAction\":[{\"@type\":\"SearchAction\",\"target\":{\"@type\":\"EntryPoint\",\"urlTemplate\":\"https:\/\/pielesprieto.es\/?s={search_term_string}\"},\"query-input\":\"required name=search_term_string\"}],\"inLanguage\":\"ca\"},{\"@type\":\"Person\",\"@id\":\"https:\/\/pielesprieto.es\/#\/schema\/person\/4aaf000877c5e8415630ee8b3e7a0bdf\",\"name\":\"pp-administrador\",\"url\":\"https:\/\/pielesprieto.es\/ca\/author\/pp-administrador\/\"}]}<\/script>\n<!-- \/ Yoast SEO plugin. -->","yoast_head_json":{"title":"Manteniment dels articles de pelleteria a l'estiu - Prieto Barcelona","description":"Tenim la soluci\u00f3 per la conservaci\u00f3 dels teus articles de pelleteria durant els mesos de calor. Un servei econ\u00f2mic, c\u00f2mode i segur.","robots":{"index":"index","follow":"follow","max-snippet":"max-snippet:-1","max-image-preview":"max-image-preview:large","max-video-preview":"max-video-preview:-1"},"canonical":"https:\/\/pielesprieto.es\/ca\/manteniment-pelleteria-cambra\/","og_locale":"ca_ES","og_type":"article","og_title":"Manteniment dels articles de pelleteria a l'estiu - Prieto Barcelona","og_description":"Tenim la soluci\u00f3 per la conservaci\u00f3 dels teus articles de pelleteria durant els mesos de calor. Un servei econ\u00f2mic, c\u00f2mode i segur.","og_url":"https:\/\/pielesprieto.es\/ca\/manteniment-pelleteria-cambra\/","og_site_name":"Pieles Prieto","article_publisher":"https:\/\/www.facebook.com\/pielesprietobarcelona\/","article_published_time":"2019-05-09T14:55:21+00:00","article_modified_time":"2019-11-26T15:23:47+00:00","og_image":[{"width":960,"height":660,"url":"https:\/\/pielesprieto.es\/wp-content\/uploads\/2019\/05\/201905_CAMARA-CONSERVACI\u00d3N.jpg","type":"image\/jpeg"}],"author":"pp-administrador","twitter_card":"summary_large_image","twitter_creator":"@PielesPrieto","twitter_site":"@PielesPrieto","twitter_misc":{"Escrit per":"pp-administrador","Temps estimat de lectura":"4 minuts"},"schema":{"@context":"https:\/\/schema.org","@graph":[{"@type":"WebPage","@id":"https:\/\/pielesprieto.es\/ca\/manteniment-pelleteria-cambra\/","url":"https:\/\/pielesprieto.es\/ca\/manteniment-pelleteria-cambra\/","name":"Manteniment dels articles de pelleteria a l'estiu - Prieto Barcelona","isPartOf":{"@id":"https:\/\/pielesprieto.es\/#website"},"datePublished":"2019-05-09T14:55:21+00:00","dateModified":"2019-11-26T15:23:47+00:00","author":{"@id":"https:\/\/pielesprieto.es\/#\/schema\/person\/4aaf000877c5e8415630ee8b3e7a0bdf"},"description":"Tenim la soluci\u00f3 per la conservaci\u00f3 dels teus articles de pelleteria durant els mesos de calor. Un servei econ\u00f2mic, c\u00f2mode i segur.","breadcrumb":{"@id":"https:\/\/pielesprieto.es\/ca\/manteniment-pelleteria-cambra\/#breadcrumb"},"inLanguage":"ca","potentialAction":[{"@type":"ReadAction","target":["https:\/\/pielesprieto.es\/ca\/manteniment-pelleteria-cambra\/"]}]},{"@type":"BreadcrumbList","@id":"https:\/\/pielesprieto.es\/ca\/manteniment-pelleteria-cambra\/#breadcrumb","itemListElement":[{"@type":"ListItem","position":1,"name":"Portada","item":"https:\/\/pielesprieto.es\/ca\/inici\/"},{"@type":"ListItem","position":2,"name":"Arriba el canvi d&#8217;armari, torno a guardar els meus articles de pelleteria a l\u2019armari?"}]},{"@type":"WebSite","@id":"https:\/\/pielesprieto.es\/#website","url":"https:\/\/pielesprieto.es\/","name":"Pieles Prieto","description":"Pieles Prieto","potentialAction":[{"@type":"SearchAction","target":{"@type":"EntryPoint","urlTemplate":"https:\/\/pielesprieto.es\/?s={search_term_string}"},"query-input":"required name=search_term_string"}],"inLanguage":"ca"},{"@type":"Person","@id":"https:\/\/pielesprieto.es\/#\/schema\/person\/4aaf000877c5e8415630ee8b3e7a0bdf","name":"pp-administrador","url":"https:\/\/pielesprieto.es\/ca\/author\/pp-administrador\/"}]}},"_links":{"self":[{"href":"https:\/\/pielesprieto.es\/ca\/wp-json\/wp\/v2\/posts\/3743"}],"collection":[{"href":"https:\/\/pielesprieto.es\/ca\/wp-json\/wp\/v2\/posts"}],"about":[{"href":"https:\/\/pielesprieto.es\/ca\/wp-json\/wp\/v2\/types\/post"}],"author":[{"embeddable":true,"href":"https:\/\/pielesprieto.es\/ca\/wp-json\/wp\/v2\/users\/2"}],"replies":[{"embeddable":true,"href":"https:\/\/pielesprieto.es\/ca\/wp-json\/wp\/v2\/comments?post=3743"}],"version-history":[{"count":5,"href":"https:\/\/pielesprieto.es\/ca\/wp-json\/wp\/v2\/posts\/3743\/revisions"}],"predecessor-version":[{"id":3747,"href":"https:\/\/pielesprieto.es\/ca\/wp-json\/wp\/v2\/posts\/3743\/revisions\/3747"}],"wp:featuredmedia":[{"embeddable":true,"href":"https:\/\/pielesprieto.es\/ca\/wp-json\/wp\/v2\/media\/3735"}],"wp:attachment":[{"href":"https:\/\/pielesprieto.es\/ca\/wp-json\/wp\/v2\/media?parent=3743"}],"wp:term":[{"taxonomy":"category","embeddable":true,"href":"https:\/\/pielesprieto.es\/ca\/wp-json\/wp\/v2\/categories?post=3743"},{"taxonomy":"post_tag","embeddable":true,"href":"https:\/\/pielesprieto.es\/ca\/wp-json\/wp\/v2\/tags?post=3743"}],"curies":[{"name":"wp","href":"https:\/\/api.w.org\/{rel}","templated":true}]}}