{"id":2583,"date":"2018-06-08T19:32:05","date_gmt":"2018-06-08T17:32:05","guid":{"rendered":"https:\/\/pielesprieto.es\/?p=2583"},"modified":"2019-11-27T14:56:07","modified_gmt":"2019-11-27T12:56:07","slug":"taller-pelleteria-pell","status":"publish","type":"post","link":"https:\/\/pielesprieto.es\/ca\/taller-pelleteria-pell\/","title":{"rendered":"El taller de Prieto Barcelona, un dels pocs tallers de pelleteria que resten a Espanyaa"},"content":{"rendered":"\n<style type=\"text\/css\" data-created_by=\"avia_inline_auto\" id=\"style-css-av-av_section-0430dac87e95ed68a9109a1c9ddcca0f\">\n.avia-section.av-av_section-0430dac87e95ed68a9109a1c9ddcca0f{\nbackground-color:#0a0a0a;\nbackground-image:unset;\n}\n<\/style>\n<div id='av_section_1'  class='avia-section av-av_section-0430dac87e95ed68a9109a1c9ddcca0f main_color avia-section-default avia-no-shadow  avia-builder-el-0  el_before_av_textblock  avia-builder-el-first  avia-bg-style-scroll container_wrap sidebar_right'  ><div class='container av-section-cont-open' ><main  role=\"main\" itemprop=\"mainContentOfPage\"  class='template-page content  av-content-small alpha units'><div class='post-entry post-entry-type-page post-entry-2583'><div class='entry-content-wrapper clearfix'>\n<section  class='av_textblock_section av-av_textblock-2de302bf1aa3cf4c9157dbe6f50ac7eb '   itemscope=\"itemscope\" itemtype=\"https:\/\/schema.org\/BlogPosting\" itemprop=\"blogPost\" ><div class='avia_textblock'  itemprop=\"text\" ><h3 style=\"text-align: center\"><span style=\"font-size: 150%\"><a href=\"https:\/\/pielesprieto.es\/ca\/blog\/\"><span style=\"color: #ffffff\">BLOG DE PRIETO BARCELONA<\/span><\/a><\/span><\/h3>\n<h5 style=\"text-align: center\"><a href=\"https:\/\/pielesprieto.es\/ca\/blog\/\"><span style=\"color: #ffffff\">Totes les not\u00edcies de la marca i del sector de la pelleteria.<\/span><\/a><\/h5>\n<\/div><\/section>\n<\/div><\/div><\/main><!-- close content main element --><\/div><\/div><div id='after_section_1'  class='main_color av_default_container_wrap container_wrap sidebar_right'  ><div class='container av-section-cont-open' ><div class='template-page content  av-content-small alpha units'><div class='post-entry post-entry-type-page post-entry-2583'><div class='entry-content-wrapper clearfix'>\n\n<style type=\"text\/css\" data-created_by=\"avia_inline_auto\" id=\"style-css-av-av_textblock-07d9ed8e88f936c1ae08938f46e74f2a\">\n#top .av_textblock_section.av-av_textblock-07d9ed8e88f936c1ae08938f46e74f2a .avia_textblock{\nfont-size:34px;\n}\n<\/style>\n<section  class='av_textblock_section av-av_textblock-07d9ed8e88f936c1ae08938f46e74f2a '   itemscope=\"itemscope\" itemtype=\"https:\/\/schema.org\/BlogPosting\" itemprop=\"blogPost\" ><div class='avia_textblock'  itemprop=\"text\" ><h1><strong>EL TALLER DE PRIETO BARCELONA, UN DELS POCS TALLERS DE PELLETERIA QUE QUEDEN A ESPANYA<\/strong><\/h1>\n<\/div><\/section>\n\n<style type=\"text\/css\" data-created_by=\"avia_inline_auto\" id=\"style-css-av-av_hr-4fe7ca31632bc16a918f996b90394a4b\">\n#top .hr.hr-invisible.av-av_hr-4fe7ca31632bc16a918f996b90394a4b{\nheight:2px;\n}\n<\/style>\n<div  class='hr av-av_hr-4fe7ca31632bc16a918f996b90394a4b hr-invisible  avia-builder-el-3  el_after_av_textblock  el_before_av_textblock '><span class='hr-inner '><span class=\"hr-inner-style\"><\/span><\/span><\/div>\n\n<style type=\"text\/css\" data-created_by=\"avia_inline_auto\" id=\"style-css-av-av_textblock-2d38d47c6c21648893d1573789d1ca99\">\n#top .av_textblock_section.av-av_textblock-2d38d47c6c21648893d1573789d1ca99 .avia_textblock{\nfont-size:14px;\ncolor:#0a0a0a;\n}\n<\/style>\n<section  class='av_textblock_section av-av_textblock-2d38d47c6c21648893d1573789d1ca99 '   itemscope=\"itemscope\" itemtype=\"https:\/\/schema.org\/BlogPosting\" itemprop=\"blogPost\" ><div class='avia_textblock av_inherit_color'  itemprop=\"text\" ><h2 class=\"comop\"><strong>El nostre taller de pelleteria, situat al centre de Barcelona, \u00e9s un dels pocs tallers del sector pelleter que queden a Espanya. Malgrat els canvis produ\u00efts en l\u2019industria pelletera durant \u00faltims anys, nosaltres seguim apostant per la producci\u00f3 nacional i la qualitat de la mat\u00e8ria prima.<\/strong><\/h2>\n<\/div><\/section>\n<section  class='av_textblock_section av-av_textblock-2de302bf1aa3cf4c9157dbe6f50ac7eb '   itemscope=\"itemscope\" itemtype=\"https:\/\/schema.org\/BlogPosting\" itemprop=\"blogPost\" ><div class='avia_textblock'  itemprop=\"text\" ><p>L\u2019aparici\u00f3 del fast fashion i la globalitzaci\u00f3 han impactat directament en el sector pelleter provocant un canvi radical en la forma de produir i comercialitzar. En els \u00faltims anys, moltes pelleteries amb gran tradici\u00f3 han decidit traslladar la seva producci\u00f3 a pa\u00efsos en els que la m\u00e0 d\u2019obra \u00e9s m\u00e9s econ\u00f2mica i han apostat per oferir productes a un preu m\u00e9s baix sacrificant la qualitat de la mat\u00e8ria prima i el disseny personalitzat del producte. Tot i que amb aquest canvi algunes empreses han sabut trobar el seu lloc en el mercat, per altres ha sigut una estrat\u00e8gia err\u00f2nia que les ha portat a perdre la seva ess\u00e8ncia i a veure\u2019s superat per grans marques con Inditex.<\/p>\n<p>En comparaci\u00f3 amb aquestes empreses, <strong>a Prieto Barcelona hem decidit encarar aquest canvi apostant per la innovaci\u00f3 en el disseny i la incorporaci\u00f3 de nous materials per\u00f2 sense sacrificar la confecci\u00f3 a mida i la fabricaci\u00f3 nacional.<\/strong> Tal com vam explicar en <a href=\"https:\/\/pielesprieto.es\/ca\/pelleteria-street-style\/\" target=\"_blank\" rel=\"noopener\"><u>un article anterior del blog<\/u><\/a>, la empresa vol adaptar-se a les noves demandes del sector per\u00f2 mantenint a la vegada els seus valors fonamentals.<\/p>\n<\/div><\/section>\n\n<style type=\"text\/css\" data-created_by=\"avia_inline_auto\" id=\"style-css-av-av_hr-373523e22f0366b13a549278f1ad345e\">\n#top .hr.hr-invisible.av-av_hr-373523e22f0366b13a549278f1ad345e{\nheight:10px;\n}\n<\/style>\n<div  class='hr av-av_hr-373523e22f0366b13a549278f1ad345e hr-invisible  avia-builder-el-6  el_after_av_textblock  el_before_av_image '><span class='hr-inner '><span class=\"hr-inner-style\"><\/span><\/span><\/div>\n\n<style type=\"text\/css\" data-created_by=\"avia_inline_auto\" id=\"style-css-av-av_image-492628486b827c42c4c5669571d1e6ad\">\n.avia-image-container.av-av_image-492628486b827c42c4c5669571d1e6ad img.avia_image{\nbox-shadow:none;\n}\n.avia-image-container.av-av_image-492628486b827c42c4c5669571d1e6ad .av-image-caption-overlay-center{\ncolor:#ffffff;\n}\n<\/style>\n<div  class='avia-image-container av-av_image-492628486b827c42c4c5669571d1e6ad av-styling- avia-align-center  avia-builder-el-7  el_after_av_hr  el_before_av_hr '   itemprop=\"image\" itemscope=\"itemscope\" itemtype=\"https:\/\/schema.org\/ImageObject\" ><div class=\"avia-image-container-inner\"><div class=\"avia-image-overlay-wrap\"><img decoding=\"async\" class='wp-image-2578 avia-img-lazy-loading-not-2578 avia_image ' src=\"https:\/\/pielesprieto.es\/wp-content\/uploads\/2018\/06\/201806_TALLER_02.jpg\" alt='' title='201806_TALLER_02'  height=\"660\" width=\"960\"  itemprop=\"thumbnailUrl\" srcset=\"https:\/\/pielesprieto.es\/wp-content\/uploads\/2018\/06\/201806_TALLER_02.jpg 960w, https:\/\/pielesprieto.es\/wp-content\/uploads\/2018\/06\/201806_TALLER_02-600x413.jpg 600w\" sizes=\"(max-width: 960px) 100vw, 960px\" \/><\/div><\/div><\/div>\n\n<style type=\"text\/css\" data-created_by=\"avia_inline_auto\" id=\"style-css-av-av_hr-5d74ded74483867bcf4f6bb06a94fdee\">\n#top .hr.hr-invisible.av-av_hr-5d74ded74483867bcf4f6bb06a94fdee{\nheight:5px;\n}\n<\/style>\n<div  class='hr av-av_hr-5d74ded74483867bcf4f6bb06a94fdee hr-invisible  avia-builder-el-8  el_after_av_image  el_before_av_textblock '><span class='hr-inner '><span class=\"hr-inner-style\"><\/span><\/span><\/div>\n<section  class='av_textblock_section av-av_textblock-2de302bf1aa3cf4c9157dbe6f50ac7eb '   itemscope=\"itemscope\" itemtype=\"https:\/\/schema.org\/BlogPosting\" itemprop=\"blogPost\" ><div class='avia_textblock'  itemprop=\"text\" ><p><strong>Un dels punts forts de Prieto Barcelona \u00e9s el seu taller, un dels pocs tallers de pelleteria que queden a Espanya. <\/strong>El taller de Prieto Barcelona compte amb un ampli espai equipat amb tota la maquin\u00e0ria necess\u00e0ria per portar a terme tots els processos associats al manteniment i la confecci\u00f3 d\u2019articles de pell i pelleteria. En aquest espai hi treballen cada dia un equip de professionals amb un \u00e0mplia experi\u00e8ncia en el sector. El taller de Prieto Barcelona, situat al centre de Barcelona, est\u00e0 connectat en el mateix espai amb el Showroom de la marca, aquest fet permet un contacte directe entre el punt de venda i l\u2019espai de producci\u00f3. D\u2019aquesta mantera, ens \u00e9s m\u00e9s f\u00e0cil oferir un producte a mida i satisfer les necessitats dels nostres clientes.<\/p>\n<\/div><\/section>\n\n<style type=\"text\/css\" data-created_by=\"avia_inline_auto\" id=\"style-css-av-av_hr-373523e22f0366b13a549278f1ad345e\">\n#top .hr.hr-invisible.av-av_hr-373523e22f0366b13a549278f1ad345e{\nheight:10px;\n}\n<\/style>\n<div  class='hr av-av_hr-373523e22f0366b13a549278f1ad345e hr-invisible  avia-builder-el-10  el_after_av_textblock  el_before_av_image '><span class='hr-inner '><span class=\"hr-inner-style\"><\/span><\/span><\/div>\n\n<style type=\"text\/css\" data-created_by=\"avia_inline_auto\" id=\"style-css-av-av_image-c9468219643d1e7d88ce4c30c1c5ec5b\">\n.avia-image-container.av-av_image-c9468219643d1e7d88ce4c30c1c5ec5b img.avia_image{\nbox-shadow:none;\n}\n.avia-image-container.av-av_image-c9468219643d1e7d88ce4c30c1c5ec5b .av-image-caption-overlay-center{\ncolor:#ffffff;\n}\n<\/style>\n<div  class='avia-image-container av-av_image-c9468219643d1e7d88ce4c30c1c5ec5b av-styling- avia-align-center  avia-builder-el-11  el_after_av_hr  el_before_av_hr '   itemprop=\"image\" itemscope=\"itemscope\" itemtype=\"https:\/\/schema.org\/ImageObject\" ><div class=\"avia-image-container-inner\"><div class=\"avia-image-overlay-wrap\"><img decoding=\"async\" class='wp-image-2574 avia-img-lazy-loading-not-2574 avia_image ' src=\"https:\/\/pielesprieto.es\/wp-content\/uploads\/2018\/06\/201806_TALLER_01.jpg\" alt='' title='201806_TALLER_01'  height=\"660\" width=\"960\"  itemprop=\"thumbnailUrl\" srcset=\"https:\/\/pielesprieto.es\/wp-content\/uploads\/2018\/06\/201806_TALLER_01.jpg 960w, https:\/\/pielesprieto.es\/wp-content\/uploads\/2018\/06\/201806_TALLER_01-600x413.jpg 600w\" sizes=\"(max-width: 960px) 100vw, 960px\" \/><\/div><\/div><\/div>\n\n<style type=\"text\/css\" data-created_by=\"avia_inline_auto\" id=\"style-css-av-av_hr-5d74ded74483867bcf4f6bb06a94fdee\">\n#top .hr.hr-invisible.av-av_hr-5d74ded74483867bcf4f6bb06a94fdee{\nheight:5px;\n}\n<\/style>\n<div  class='hr av-av_hr-5d74ded74483867bcf4f6bb06a94fdee hr-invisible  avia-builder-el-12  el_after_av_image  el_before_av_textblock '><span class='hr-inner '><span class=\"hr-inner-style\"><\/span><\/span><\/div>\n<section  class='av_textblock_section av-av_textblock-2de302bf1aa3cf4c9157dbe6f50ac7eb '   itemscope=\"itemscope\" itemtype=\"https:\/\/schema.org\/BlogPosting\" itemprop=\"blogPost\" ><div class='avia_textblock'  itemprop=\"text\" ><p>Si vols venir a con\u00e8ixer les nostres instal\u00b7lacions i veure com treballem i qu\u00e8 et podem oferir, no dubtis en <a href=\"https:\/\/pielesprieto.es\/ca\/contacte\/\" target=\"_blank\" rel=\"noopener\"><u>posar-te en contacte amb nosaltres<\/u><\/a> o <a href=\"https:\/\/pielesprieto.es\/ca\/botigues-taller\/\" target=\"_blank\" rel=\"noopener\"><u>venir a visitar-nos<\/u><\/a>.<\/p>\n<\/div><\/section>\n\n<style type=\"text\/css\" data-created_by=\"avia_inline_auto\" id=\"style-css-av-av_hr-616cd310f4c6bf63bbd1f033802c1165\">\n#top .hr.hr-invisible.av-av_hr-616cd310f4c6bf63bbd1f033802c1165{\nheight:20px;\n}\n<\/style>\n<div  class='hr av-av_hr-616cd310f4c6bf63bbd1f033802c1165 hr-invisible  avia-builder-el-14  el_after_av_textblock  el_before_av_social_share '><span class='hr-inner '><span class=\"hr-inner-style\"><\/span><\/span><\/div>\n<div  class='av-social-sharing-box av-av_social_share-154f3c0b8d4df222b11bc43eeb2be2bc av-social-sharing-box-default  avia-builder-el-15  el_after_av_hr  el_before_av_hr  av-social-sharing-box-fullwidth'><div class=\"av-share-box\"><h5 class='av-share-link-description av-no-toc '>Compartir esta entrada:<\/h5><ul class=\"av-share-box-list noLightbox\"><li class='av-share-link av-social-link-facebook' ><a target=\"_blank\" aria-label=\"Compartir a Facebook\" href='https:\/\/www.facebook.com\/sharer.php?u=https:\/\/pielesprieto.es\/ca\/taller-pelleteria-pell\/&#038;t=El%20taller%20de%20Prieto%20Barcelona%2C%20un%20dels%20pocs%20tallers%20de%20pelleteria%20que%20resten%20a%20Espanyaa' aria-hidden='false' data-av_icon='\ue8f3' data-av_iconfont='entypo-fontello' title='' data-avia-related-tooltip='Compartir a Facebook' rel=\"noopener\"><span class='avia_hidden_link_text'>Compartir a Facebook<\/span><\/a><\/li><li class='av-share-link av-social-link-twitter' ><a target=\"_blank\" aria-label=\"Compartir a Twitter\" href='https:\/\/twitter.com\/share?text=El%20taller%20de%20Prieto%20Barcelona%2C%20un%20dels%20pocs%20tallers%20de%20pelleteria%20que%20resten%20a%20Espanyaa&#038;url=https:\/\/pielesprieto.es\/ca\/?p=2583' aria-hidden='false' data-av_icon='\ue8f1' data-av_iconfont='entypo-fontello' title='' data-avia-related-tooltip='Compartir a Twitter' rel=\"noopener\"><span class='avia_hidden_link_text'>Compartir a Twitter<\/span><\/a><\/li><li class='av-share-link av-social-link-whatsapp' ><a target=\"_blank\" aria-label=\"Share on WhatsApp\" href='https:\/\/api.whatsapp.com\/send?text=https:\/\/pielesprieto.es\/ca\/taller-pelleteria-pell\/' aria-hidden='false' data-av_icon='\uf232' data-av_iconfont='entypo-fontello' title='' data-avia-related-tooltip='Share on WhatsApp' rel=\"noopener\"><span class='avia_hidden_link_text'>Share on WhatsApp<\/span><\/a><\/li><li class='av-share-link av-social-link-mail' ><a  aria-label=\"Compartir per correu\" href='mailto:?subject=El%20taller%20de%20Prieto%20Barcelona%2C%20un%20dels%20pocs%20tallers%20de%20pelleteria%20que%20resten%20a%20Espanyaa&#038;body=https:\/\/pielesprieto.es\/ca\/taller-pelleteria-pell\/' aria-hidden='false' data-av_icon='\ue805' data-av_iconfont='entypo-fontello' title='' data-avia-related-tooltip='Compartir per correu'><span class='avia_hidden_link_text'>Compartir per correu<\/span><\/a><\/li><\/ul><\/div><\/div>\n\n<style type=\"text\/css\" data-created_by=\"avia_inline_auto\" id=\"style-css-av-av_hr-616cd310f4c6bf63bbd1f033802c1165\">\n#top .hr.hr-invisible.av-av_hr-616cd310f4c6bf63bbd1f033802c1165{\nheight:20px;\n}\n<\/style>\n<div  class='hr av-av_hr-616cd310f4c6bf63bbd1f033802c1165 hr-invisible  avia-builder-el-16  el_after_av_social_share  el_before_av_comments_list '><span class='hr-inner '><span class=\"hr-inner-style\"><\/span><\/span><\/div>\n<div  class='av-buildercomment av-av_comments_list-88ce68e426f11248fa394058a3de040f  av-blog-meta-author-disabled av-blog-meta-comments-disabled av-blog-meta-category-disabled av-blog-meta-html-info-disabled av-blog-meta-tag-disabled'><\/div>\n","protected":false},"excerpt":{"rendered":"","protected":false},"author":2,"featured_media":2574,"comment_status":"closed","ping_status":"open","sticky":false,"template":"","format":"standard","meta":[],"categories":[44,45,148],"tags":[407,48,133,63,132,68,370,129,130,408,131,409],"yoast_head":"<!-- This site is optimized with the Yoast SEO plugin v20.9 - https:\/\/yoast.com\/wordpress\/plugins\/seo\/ -->\n<title>Taller de pelleteria de Prieto Barcelona, un dels pocs que queden | Prieto<\/title>\n<meta name=\"description\" content=\"La confecci\u00f3 a mida, el contacte del client amb el proc\u00e9s de producci\u00f3, etc. Descobreix com Prieto encara els canvis de la ind\u00fastria pelletera.\" \/>\n<meta name=\"robots\" content=\"index, follow, max-snippet:-1, max-image-preview:large, max-video-preview:-1\" \/>\n<link rel=\"canonical\" href=\"https:\/\/pielesprieto.es\/ca\/taller-pelleteria-pell\/\" \/>\n<meta property=\"og:locale\" content=\"ca_ES\" \/>\n<meta property=\"og:type\" content=\"article\" \/>\n<meta property=\"og:title\" content=\"Taller de pelleteria de Prieto Barcelona, un dels pocs que queden | Prieto\" \/>\n<meta property=\"og:description\" content=\"La confecci\u00f3 a mida, el contacte del client amb el proc\u00e9s de producci\u00f3, etc. Descobreix com Prieto encara els canvis de la ind\u00fastria pelletera.\" \/>\n<meta property=\"og:url\" content=\"https:\/\/pielesprieto.es\/ca\/taller-pelleteria-pell\/\" \/>\n<meta property=\"og:site_name\" content=\"Pieles Prieto\" \/>\n<meta property=\"article:publisher\" content=\"https:\/\/www.facebook.com\/pielesprietobarcelona\/\" \/>\n<meta property=\"article:published_time\" content=\"2018-06-08T17:32:05+00:00\" \/>\n<meta property=\"article:modified_time\" content=\"2019-11-27T12:56:07+00:00\" \/>\n<meta property=\"og:image\" content=\"https:\/\/pielesprieto.es\/wp-content\/uploads\/2018\/06\/201806_TALLER_01.jpg\" \/>\n\t<meta property=\"og:image:width\" content=\"960\" \/>\n\t<meta property=\"og:image:height\" content=\"660\" \/>\n\t<meta property=\"og:image:type\" content=\"image\/jpeg\" \/>\n<meta name=\"author\" content=\"pp-administrador\" \/>\n<meta name=\"twitter:card\" content=\"summary_large_image\" \/>\n<meta name=\"twitter:creator\" content=\"@PielesPrieto\" \/>\n<meta name=\"twitter:site\" content=\"@PielesPrieto\" \/>\n<meta name=\"twitter:label1\" content=\"Escrit per\" \/>\n\t<meta name=\"twitter:data1\" content=\"pp-administrador\" \/>\n\t<meta name=\"twitter:label2\" content=\"Temps estimat de lectura\" \/>\n\t<meta name=\"twitter:data2\" content=\"6 minuts\" \/>\n<script type=\"application\/ld+json\" class=\"yoast-schema-graph\">{\"@context\":\"https:\/\/schema.org\",\"@graph\":[{\"@type\":\"WebPage\",\"@id\":\"https:\/\/pielesprieto.es\/ca\/taller-pelleteria-pell\/\",\"url\":\"https:\/\/pielesprieto.es\/ca\/taller-pelleteria-pell\/\",\"name\":\"Taller de pelleteria de Prieto Barcelona, un dels pocs que queden | Prieto\",\"isPartOf\":{\"@id\":\"https:\/\/pielesprieto.es\/#website\"},\"datePublished\":\"2018-06-08T17:32:05+00:00\",\"dateModified\":\"2019-11-27T12:56:07+00:00\",\"author\":{\"@id\":\"https:\/\/pielesprieto.es\/#\/schema\/person\/4aaf000877c5e8415630ee8b3e7a0bdf\"},\"description\":\"La confecci\u00f3 a mida, el contacte del client amb el proc\u00e9s de producci\u00f3, etc. Descobreix com Prieto encara els canvis de la ind\u00fastria pelletera.\",\"breadcrumb\":{\"@id\":\"https:\/\/pielesprieto.es\/ca\/taller-pelleteria-pell\/#breadcrumb\"},\"inLanguage\":\"ca\",\"potentialAction\":[{\"@type\":\"ReadAction\",\"target\":[\"https:\/\/pielesprieto.es\/ca\/taller-pelleteria-pell\/\"]}]},{\"@type\":\"BreadcrumbList\",\"@id\":\"https:\/\/pielesprieto.es\/ca\/taller-pelleteria-pell\/#breadcrumb\",\"itemListElement\":[{\"@type\":\"ListItem\",\"position\":1,\"name\":\"Portada\",\"item\":\"https:\/\/pielesprieto.es\/ca\/inici\/\"},{\"@type\":\"ListItem\",\"position\":2,\"name\":\"El taller de Prieto Barcelona, un dels pocs tallers de pelleteria que resten a Espanyaa\"}]},{\"@type\":\"WebSite\",\"@id\":\"https:\/\/pielesprieto.es\/#website\",\"url\":\"https:\/\/pielesprieto.es\/\",\"name\":\"Pieles Prieto\",\"description\":\"Pieles Prieto\",\"potentialAction\":[{\"@type\":\"SearchAction\",\"target\":{\"@type\":\"EntryPoint\",\"urlTemplate\":\"https:\/\/pielesprieto.es\/?s={search_term_string}\"},\"query-input\":\"required name=search_term_string\"}],\"inLanguage\":\"ca\"},{\"@type\":\"Person\",\"@id\":\"https:\/\/pielesprieto.es\/#\/schema\/person\/4aaf000877c5e8415630ee8b3e7a0bdf\",\"name\":\"pp-administrador\",\"url\":\"https:\/\/pielesprieto.es\/ca\/author\/pp-administrador\/\"}]}<\/script>\n<!-- \/ Yoast SEO plugin. -->","yoast_head_json":{"title":"Taller de pelleteria de Prieto Barcelona, un dels pocs que queden | Prieto","description":"La confecci\u00f3 a mida, el contacte del client amb el proc\u00e9s de producci\u00f3, etc. Descobreix com Prieto encara els canvis de la ind\u00fastria pelletera.","robots":{"index":"index","follow":"follow","max-snippet":"max-snippet:-1","max-image-preview":"max-image-preview:large","max-video-preview":"max-video-preview:-1"},"canonical":"https:\/\/pielesprieto.es\/ca\/taller-pelleteria-pell\/","og_locale":"ca_ES","og_type":"article","og_title":"Taller de pelleteria de Prieto Barcelona, un dels pocs que queden | Prieto","og_description":"La confecci\u00f3 a mida, el contacte del client amb el proc\u00e9s de producci\u00f3, etc. Descobreix com Prieto encara els canvis de la ind\u00fastria pelletera.","og_url":"https:\/\/pielesprieto.es\/ca\/taller-pelleteria-pell\/","og_site_name":"Pieles Prieto","article_publisher":"https:\/\/www.facebook.com\/pielesprietobarcelona\/","article_published_time":"2018-06-08T17:32:05+00:00","article_modified_time":"2019-11-27T12:56:07+00:00","og_image":[{"width":960,"height":660,"url":"https:\/\/pielesprieto.es\/wp-content\/uploads\/2018\/06\/201806_TALLER_01.jpg","type":"image\/jpeg"}],"author":"pp-administrador","twitter_card":"summary_large_image","twitter_creator":"@PielesPrieto","twitter_site":"@PielesPrieto","twitter_misc":{"Escrit per":"pp-administrador","Temps estimat de lectura":"6 minuts"},"schema":{"@context":"https:\/\/schema.org","@graph":[{"@type":"WebPage","@id":"https:\/\/pielesprieto.es\/ca\/taller-pelleteria-pell\/","url":"https:\/\/pielesprieto.es\/ca\/taller-pelleteria-pell\/","name":"Taller de pelleteria de Prieto Barcelona, un dels pocs que queden | Prieto","isPartOf":{"@id":"https:\/\/pielesprieto.es\/#website"},"datePublished":"2018-06-08T17:32:05+00:00","dateModified":"2019-11-27T12:56:07+00:00","author":{"@id":"https:\/\/pielesprieto.es\/#\/schema\/person\/4aaf000877c5e8415630ee8b3e7a0bdf"},"description":"La confecci\u00f3 a mida, el contacte del client amb el proc\u00e9s de producci\u00f3, etc. Descobreix com Prieto encara els canvis de la ind\u00fastria pelletera.","breadcrumb":{"@id":"https:\/\/pielesprieto.es\/ca\/taller-pelleteria-pell\/#breadcrumb"},"inLanguage":"ca","potentialAction":[{"@type":"ReadAction","target":["https:\/\/pielesprieto.es\/ca\/taller-pelleteria-pell\/"]}]},{"@type":"BreadcrumbList","@id":"https:\/\/pielesprieto.es\/ca\/taller-pelleteria-pell\/#breadcrumb","itemListElement":[{"@type":"ListItem","position":1,"name":"Portada","item":"https:\/\/pielesprieto.es\/ca\/inici\/"},{"@type":"ListItem","position":2,"name":"El taller de Prieto Barcelona, un dels pocs tallers de pelleteria que resten a Espanyaa"}]},{"@type":"WebSite","@id":"https:\/\/pielesprieto.es\/#website","url":"https:\/\/pielesprieto.es\/","name":"Pieles Prieto","description":"Pieles Prieto","potentialAction":[{"@type":"SearchAction","target":{"@type":"EntryPoint","urlTemplate":"https:\/\/pielesprieto.es\/?s={search_term_string}"},"query-input":"required name=search_term_string"}],"inLanguage":"ca"},{"@type":"Person","@id":"https:\/\/pielesprieto.es\/#\/schema\/person\/4aaf000877c5e8415630ee8b3e7a0bdf","name":"pp-administrador","url":"https:\/\/pielesprieto.es\/ca\/author\/pp-administrador\/"}]}},"_links":{"self":[{"href":"https:\/\/pielesprieto.es\/ca\/wp-json\/wp\/v2\/posts\/2583"}],"collection":[{"href":"https:\/\/pielesprieto.es\/ca\/wp-json\/wp\/v2\/posts"}],"about":[{"href":"https:\/\/pielesprieto.es\/ca\/wp-json\/wp\/v2\/types\/post"}],"author":[{"embeddable":true,"href":"https:\/\/pielesprieto.es\/ca\/wp-json\/wp\/v2\/users\/2"}],"replies":[{"embeddable":true,"href":"https:\/\/pielesprieto.es\/ca\/wp-json\/wp\/v2\/comments?post=2583"}],"version-history":[{"count":7,"href":"https:\/\/pielesprieto.es\/ca\/wp-json\/wp\/v2\/posts\/2583\/revisions"}],"predecessor-version":[{"id":5182,"href":"https:\/\/pielesprieto.es\/ca\/wp-json\/wp\/v2\/posts\/2583\/revisions\/5182"}],"wp:featuredmedia":[{"embeddable":true,"href":"https:\/\/pielesprieto.es\/ca\/wp-json\/wp\/v2\/media\/2574"}],"wp:attachment":[{"href":"https:\/\/pielesprieto.es\/ca\/wp-json\/wp\/v2\/media?parent=2583"}],"wp:term":[{"taxonomy":"category","embeddable":true,"href":"https:\/\/pielesprieto.es\/ca\/wp-json\/wp\/v2\/categories?post=2583"},{"taxonomy":"post_tag","embeddable":true,"href":"https:\/\/pielesprieto.es\/ca\/wp-json\/wp\/v2\/tags?post=2583"}],"curies":[{"name":"wp","href":"https:\/\/api.w.org\/{rel}","templated":true}]}}