{"id":2256,"date":"2018-04-24T11:38:43","date_gmt":"2018-04-24T09:38:43","guid":{"rendered":"https:\/\/pielesprieto.es\/?p=2256"},"modified":"2019-11-27T14:38:26","modified_gmt":"2019-11-27T12:38:26","slug":"conservacio-manteniment-pelleteria","status":"publish","type":"post","link":"https:\/\/pielesprieto.es\/ca\/conservacio-manteniment-pelleteria\/","title":{"rendered":"Com puc conservar les meves peces de pelleteria en bon estat durant els mesos de primavera i estiu?"},"content":{"rendered":"\n<style type=\"text\/css\" data-created_by=\"avia_inline_auto\" id=\"style-css-av-av_section-0430dac87e95ed68a9109a1c9ddcca0f\">\n.avia-section.av-av_section-0430dac87e95ed68a9109a1c9ddcca0f{\nbackground-color:#0a0a0a;\nbackground-image:unset;\n}\n<\/style>\n<div id='av_section_1'  class='avia-section av-av_section-0430dac87e95ed68a9109a1c9ddcca0f main_color avia-section-default avia-no-shadow  avia-builder-el-0  el_before_av_textblock  avia-builder-el-first  avia-bg-style-scroll container_wrap sidebar_right'  ><div class='container av-section-cont-open' ><main  role=\"main\" itemprop=\"mainContentOfPage\"  class='template-page content  av-content-small alpha units'><div class='post-entry post-entry-type-page post-entry-2256'><div class='entry-content-wrapper clearfix'>\n<section  class='av_textblock_section av-av_textblock-2de302bf1aa3cf4c9157dbe6f50ac7eb '   itemscope=\"itemscope\" itemtype=\"https:\/\/schema.org\/BlogPosting\" itemprop=\"blogPost\" ><div class='avia_textblock'  itemprop=\"text\" ><h3 style=\"text-align: center\"><span style=\"font-size: 150%\"><a href=\"https:\/\/pielesprieto.es\/ca\/blog\/\"><span style=\"color: #ffffff\">BLOG DE PRIETO BARCELONA<\/span><\/a><\/span><\/h3>\n<h5 style=\"text-align: center\"><a href=\"https:\/\/pielesprieto.es\/ca\/blog\/\"><span style=\"color: #ffffff\">Totes les not\u00edcies de la marca i del sector de la pelleteria.<\/span><\/a><\/h5>\n<\/div><\/section>\n<\/div><\/div><\/main><!-- close content main element --><\/div><\/div><div id='after_section_1'  class='main_color av_default_container_wrap container_wrap sidebar_right'  ><div class='container av-section-cont-open' ><div class='template-page content  av-content-small alpha units'><div class='post-entry post-entry-type-page post-entry-2256'><div class='entry-content-wrapper clearfix'>\n\n<style type=\"text\/css\" data-created_by=\"avia_inline_auto\" id=\"style-css-av-av_textblock-07d9ed8e88f936c1ae08938f46e74f2a\">\n#top .av_textblock_section.av-av_textblock-07d9ed8e88f936c1ae08938f46e74f2a .avia_textblock{\nfont-size:34px;\n}\n<\/style>\n<section  class='av_textblock_section av-av_textblock-07d9ed8e88f936c1ae08938f46e74f2a '   itemscope=\"itemscope\" itemtype=\"https:\/\/schema.org\/BlogPosting\" itemprop=\"blogPost\" ><div class='avia_textblock'  itemprop=\"text\" ><h1><strong>COM PUC CONSERVAR LES MEVES PECES DE PELLETERIA EN BON ESTAT DURANT ELS MESOS DE PRIMAVERA I ESTIU?<\/strong><\/h1>\n<\/div><\/section>\n\n<style type=\"text\/css\" data-created_by=\"avia_inline_auto\" id=\"style-css-av-av_hr-4fe7ca31632bc16a918f996b90394a4b\">\n#top .hr.hr-invisible.av-av_hr-4fe7ca31632bc16a918f996b90394a4b{\nheight:2px;\n}\n<\/style>\n<div  class='hr av-av_hr-4fe7ca31632bc16a918f996b90394a4b hr-invisible  avia-builder-el-3  el_after_av_textblock  el_before_av_textblock '><span class='hr-inner '><span class=\"hr-inner-style\"><\/span><\/span><\/div>\n\n<style type=\"text\/css\" data-created_by=\"avia_inline_auto\" id=\"style-css-av-av_textblock-2d38d47c6c21648893d1573789d1ca99\">\n#top .av_textblock_section.av-av_textblock-2d38d47c6c21648893d1573789d1ca99 .avia_textblock{\nfont-size:14px;\ncolor:#0a0a0a;\n}\n<\/style>\n<section  class='av_textblock_section av-av_textblock-2d38d47c6c21648893d1573789d1ca99 '   itemscope=\"itemscope\" itemtype=\"https:\/\/schema.org\/BlogPosting\" itemprop=\"blogPost\" ><div class='avia_textblock av_inherit_color'  itemprop=\"text\" ><h2 class=\"comop\"><strong>La pelleteria \u00e9s un material delicat que amb el pas del temps pateix una progressiva degradaci\u00f3. Tot i que \u00e9s impossible frenar totalment aquest proc\u00e9s, amb les cures adequades podem alentir el deteriorament d\u2019una pe\u00e7a de pelleteria. En aquest article et donem les claus per mantenir els teus articles en les millors condicions i reduir el seu deteriorament amb el pas dels anys. <\/strong><\/h2>\n<\/div><\/section>\n<section  class='av_textblock_section av-av_textblock-2de302bf1aa3cf4c9157dbe6f50ac7eb '   itemscope=\"itemscope\" itemtype=\"https:\/\/schema.org\/BlogPosting\" itemprop=\"blogPost\" ><div class='avia_textblock'  itemprop=\"text\" ><p>Les peces de pelleteria s\u2019haurien de guardar sempre amb una temperatura de 11 a 13 graus cent\u00edgrads i amb una humitat del 45% aproximadament. Aconseguir aquestes precises condicions en una casa particular durant els mesos de primavera i estiu \u00e9s molt complicat, per aquesta ra\u00f3, algunes pelleteries <strong>oferim un <a href=\"https:\/\/pielesprieto.es\/ca\/cambra-conservacio\/\" target=\"_blank\" rel=\"noopener\"><u>servei de cambra de conservaci\u00f3<\/u><\/a> amb el que garantim que els articles estaran protegits sota les condiciones \u00f2ptimes.<\/strong> Aquest servei ajudar\u00e0 a mantenir la bellesa de la pell i evitar\u00e0 que aquesta es pugui veure afectada per l\u2019atac de la temuda arna o altres insectes. A m\u00e9s a m\u00e9s, dins d\u2019aquest servei s\u2019inclou un proc\u00e9s de preparaci\u00f3 de la pe\u00e7a quan es recull al principi de la temporada d\u2019hivern.<\/p>\n<\/div><\/section>\n\n<style type=\"text\/css\" data-created_by=\"avia_inline_auto\" id=\"style-css-av-av_hr-373523e22f0366b13a549278f1ad345e\">\n#top .hr.hr-invisible.av-av_hr-373523e22f0366b13a549278f1ad345e{\nheight:10px;\n}\n<\/style>\n<div  class='hr av-av_hr-373523e22f0366b13a549278f1ad345e hr-invisible  avia-builder-el-6  el_after_av_textblock  el_before_av_image '><span class='hr-inner '><span class=\"hr-inner-style\"><\/span><\/span><\/div>\n\n<style type=\"text\/css\" data-created_by=\"avia_inline_auto\" id=\"style-css-av-av_image-94f779192e286947067247fcd7751c88\">\n.avia-image-container.av-av_image-94f779192e286947067247fcd7751c88 img.avia_image{\nbox-shadow:none;\n}\n.avia-image-container.av-av_image-94f779192e286947067247fcd7751c88 .av-image-caption-overlay-center{\ncolor:#ffffff;\n}\n<\/style>\n<div  class='avia-image-container av-av_image-94f779192e286947067247fcd7751c88 av-styling- avia-align-center  avia-builder-el-7  el_after_av_hr  el_before_av_hr '   itemprop=\"image\" itemscope=\"itemscope\" itemtype=\"https:\/\/schema.org\/ImageObject\" ><div class=\"avia-image-container-inner\"><div class=\"avia-image-overlay-wrap\"><img decoding=\"async\" class='wp-image-2248 avia-img-lazy-loading-not-2248 avia_image ' src=\"https:\/\/pielesprieto.es\/wp-content\/uploads\/2018\/04\/201804_CONSERVACION-PRENDA-PIEL.jpg\" alt='Abrigos y chaquetones de peleter\u00eda Nicol\u00e1s Prieto' title='Prendas peleter\u00eda Nicol\u00e1s Prieto'  height=\"660\" width=\"960\"  itemprop=\"thumbnailUrl\" srcset=\"https:\/\/pielesprieto.es\/wp-content\/uploads\/2018\/04\/201804_CONSERVACION-PRENDA-PIEL.jpg 960w, https:\/\/pielesprieto.es\/wp-content\/uploads\/2018\/04\/201804_CONSERVACION-PRENDA-PIEL-600x413.jpg 600w\" sizes=\"(max-width: 960px) 100vw, 960px\" \/><\/div><\/div><\/div>\n\n<style type=\"text\/css\" data-created_by=\"avia_inline_auto\" id=\"style-css-av-av_hr-5d74ded74483867bcf4f6bb06a94fdee\">\n#top .hr.hr-invisible.av-av_hr-5d74ded74483867bcf4f6bb06a94fdee{\nheight:5px;\n}\n<\/style>\n<div  class='hr av-av_hr-5d74ded74483867bcf4f6bb06a94fdee hr-invisible  avia-builder-el-8  el_after_av_image  el_before_av_textblock '><span class='hr-inner '><span class=\"hr-inner-style\"><\/span><\/span><\/div>\n<section  class='av_textblock_section av-av_textblock-2de302bf1aa3cf4c9157dbe6f50ac7eb '   itemscope=\"itemscope\" itemtype=\"https:\/\/schema.org\/BlogPosting\" itemprop=\"blogPost\" ><div class='avia_textblock'  itemprop=\"text\" ><p>Tot i que a Prieto sempre recomanem als nostres clients guardar els seus articles a la cambra de conservaci\u00f3 de la pelleteria durant els mesos de calor, si consideres que tens les condicions adequades a casa per protegir les teves peces i decideixes guardar-les all\u00e0, a continuaci\u00f3 et deixem uns <strong>consells que haur\u00e0s de seguir per cuidar les teves peces durant tot l\u2019any: <\/strong><\/p>\n<ol>\n<li>Guarda la pe\u00e7a en un lloc fresc i ventilat, evitant que la llum del sol la toqui directament.<\/li>\n<li>Utilitza una perxa gran i consistent per mantenir l\u2019estructura de la peca i evitar que es deformi. Amb el mateix objectiu, corda el primer bot\u00f3 i penja-la per complet evitant que toqui al terra.<\/li>\n<li>Protegeix la pe\u00e7a amb una funda de tela. No utilitzis mai una funda de pl\u00e0stic.<\/li>\n<li>Deixa espai entre les peces perqu\u00e8 el p\u00e8l no quedi aixafat.<\/li>\n<\/ol>\n<p>Esperem que aquest article t\u2019ajudi a decidir qu\u00e8 fer amb els teus articles de pelleteria durant aquests mesos i, si tens qualsevol altre dubte,<a href=\"https:\/\/pielesprieto.es\/ca\/contacte\/\" target=\"_blank\" rel=\"noopener\"> <u>sempre ens pots consultar<\/u>.<\/a><\/p>\n<\/div><\/section>\n\n<style type=\"text\/css\" data-created_by=\"avia_inline_auto\" id=\"style-css-av-av_hr-616cd310f4c6bf63bbd1f033802c1165\">\n#top .hr.hr-invisible.av-av_hr-616cd310f4c6bf63bbd1f033802c1165{\nheight:20px;\n}\n<\/style>\n<div  class='hr av-av_hr-616cd310f4c6bf63bbd1f033802c1165 hr-invisible  avia-builder-el-10  el_after_av_textblock  el_before_av_social_share '><span class='hr-inner '><span class=\"hr-inner-style\"><\/span><\/span><\/div>\n<div  class='av-social-sharing-box av-av_social_share-154f3c0b8d4df222b11bc43eeb2be2bc av-social-sharing-box-default  avia-builder-el-11  el_after_av_hr  el_before_av_hr  av-social-sharing-box-fullwidth'><div class=\"av-share-box\"><h5 class='av-share-link-description av-no-toc '>Compartir esta entrada:<\/h5><ul class=\"av-share-box-list noLightbox\"><li class='av-share-link av-social-link-facebook' ><a target=\"_blank\" aria-label=\"Compartir a Facebook\" href='https:\/\/www.facebook.com\/sharer.php?u=https:\/\/pielesprieto.es\/ca\/conservacio-manteniment-pelleteria\/&#038;t=Com%20puc%20conservar%20les%20meves%20peces%20de%20pelleteria%20en%20bon%20estat%20durant%20els%20mesos%20de%20primavera%20i%20estiu%3F' aria-hidden='false' data-av_icon='\ue8f3' data-av_iconfont='entypo-fontello' title='' data-avia-related-tooltip='Compartir a Facebook' rel=\"noopener\"><span class='avia_hidden_link_text'>Compartir a Facebook<\/span><\/a><\/li><li class='av-share-link av-social-link-twitter' ><a target=\"_blank\" aria-label=\"Compartir a Twitter\" href='https:\/\/twitter.com\/share?text=Com%20puc%20conservar%20les%20meves%20peces%20de%20pelleteria%20en%20bon%20estat%20durant%20els%20mesos%20de%20primavera%20i%20estiu%3F&#038;url=https:\/\/pielesprieto.es\/ca\/?p=2256' aria-hidden='false' data-av_icon='\ue8f1' data-av_iconfont='entypo-fontello' title='' data-avia-related-tooltip='Compartir a Twitter' rel=\"noopener\"><span class='avia_hidden_link_text'>Compartir a Twitter<\/span><\/a><\/li><li class='av-share-link av-social-link-whatsapp' ><a target=\"_blank\" aria-label=\"Share on WhatsApp\" href='https:\/\/api.whatsapp.com\/send?text=https:\/\/pielesprieto.es\/ca\/conservacio-manteniment-pelleteria\/' aria-hidden='false' data-av_icon='\uf232' data-av_iconfont='entypo-fontello' title='' data-avia-related-tooltip='Share on WhatsApp' rel=\"noopener\"><span class='avia_hidden_link_text'>Share on WhatsApp<\/span><\/a><\/li><li class='av-share-link av-social-link-mail' ><a  aria-label=\"Compartir per correu\" href='mailto:?subject=Com%20puc%20conservar%20les%20meves%20peces%20de%20pelleteria%20en%20bon%20estat%20durant%20els%20mesos%20de%20primavera%20i%20estiu%3F&#038;body=https:\/\/pielesprieto.es\/ca\/conservacio-manteniment-pelleteria\/' aria-hidden='false' data-av_icon='\ue805' data-av_iconfont='entypo-fontello' title='' data-avia-related-tooltip='Compartir per correu'><span class='avia_hidden_link_text'>Compartir per correu<\/span><\/a><\/li><\/ul><\/div><\/div>\n\n<style type=\"text\/css\" data-created_by=\"avia_inline_auto\" id=\"style-css-av-av_hr-616cd310f4c6bf63bbd1f033802c1165\">\n#top .hr.hr-invisible.av-av_hr-616cd310f4c6bf63bbd1f033802c1165{\nheight:20px;\n}\n<\/style>\n<div  class='hr av-av_hr-616cd310f4c6bf63bbd1f033802c1165 hr-invisible  avia-builder-el-12  el_after_av_social_share  el_before_av_comments_list '><span class='hr-inner '><span class=\"hr-inner-style\"><\/span><\/span><\/div>\n<div  class='av-buildercomment av-av_comments_list-88ce68e426f11248fa394058a3de040f  av-blog-meta-author-disabled av-blog-meta-comments-disabled av-blog-meta-category-disabled av-blog-meta-html-info-disabled av-blog-meta-tag-disabled'><\/div>\n","protected":false},"excerpt":{"rendered":"","protected":false},"author":2,"featured_media":2248,"comment_status":"closed","ping_status":"open","sticky":false,"template":"","format":"standard","meta":[],"categories":[42,44],"tags":[50,401,406,101,402,102,404,403,103,68,370,405],"yoast_head":"<!-- This site is optimized with the Yoast SEO plugin v20.9 - https:\/\/yoast.com\/wordpress\/plugins\/seo\/ -->\n<title>Com conservo la meva pe\u00e7a de pelleteria durant l\u2019estiu? | Prieto Barcelona<\/title>\n<meta name=\"description\" content=\"El servei de cambra de conservaci\u00f3 \u00e9s la millor opci\u00f3 pel mantenimient dels articles de pelleteria durant els mesos m\u00e9s c\u00e0lids.\" \/>\n<meta name=\"robots\" content=\"index, follow, max-snippet:-1, max-image-preview:large, max-video-preview:-1\" \/>\n<link rel=\"canonical\" href=\"https:\/\/pielesprieto.es\/ca\/conservacio-manteniment-pelleteria\/\" \/>\n<meta property=\"og:locale\" content=\"ca_ES\" \/>\n<meta property=\"og:type\" content=\"article\" \/>\n<meta property=\"og:title\" content=\"Com conservo la meva pe\u00e7a de pelleteria durant l\u2019estiu? | Prieto Barcelona\" \/>\n<meta property=\"og:description\" content=\"El servei de cambra de conservaci\u00f3 \u00e9s la millor opci\u00f3 pel mantenimient dels articles de pelleteria durant els mesos m\u00e9s c\u00e0lids.\" \/>\n<meta property=\"og:url\" content=\"https:\/\/pielesprieto.es\/ca\/conservacio-manteniment-pelleteria\/\" \/>\n<meta property=\"og:site_name\" content=\"Pieles Prieto\" \/>\n<meta property=\"article:publisher\" content=\"https:\/\/www.facebook.com\/pielesprietobarcelona\/\" \/>\n<meta property=\"article:published_time\" content=\"2018-04-24T09:38:43+00:00\" \/>\n<meta property=\"article:modified_time\" content=\"2019-11-27T12:38:26+00:00\" \/>\n<meta property=\"og:image\" content=\"https:\/\/pielesprieto.es\/wp-content\/uploads\/2018\/04\/201804_CONSERVACION-PRENDA-PIEL.jpg\" \/>\n\t<meta property=\"og:image:width\" content=\"960\" \/>\n\t<meta property=\"og:image:height\" content=\"660\" \/>\n\t<meta property=\"og:image:type\" content=\"image\/jpeg\" \/>\n<meta name=\"author\" content=\"pp-administrador\" \/>\n<meta name=\"twitter:card\" content=\"summary_large_image\" \/>\n<meta name=\"twitter:creator\" content=\"@PielesPrieto\" \/>\n<meta name=\"twitter:site\" content=\"@PielesPrieto\" \/>\n<meta name=\"twitter:label1\" content=\"Escrit per\" \/>\n\t<meta name=\"twitter:data1\" content=\"pp-administrador\" \/>\n\t<meta name=\"twitter:label2\" content=\"Temps estimat de lectura\" \/>\n\t<meta name=\"twitter:data2\" content=\"5 minuts\" \/>\n<script type=\"application\/ld+json\" class=\"yoast-schema-graph\">{\"@context\":\"https:\/\/schema.org\",\"@graph\":[{\"@type\":\"WebPage\",\"@id\":\"https:\/\/pielesprieto.es\/ca\/conservacio-manteniment-pelleteria\/\",\"url\":\"https:\/\/pielesprieto.es\/ca\/conservacio-manteniment-pelleteria\/\",\"name\":\"Com conservo la meva pe\u00e7a de pelleteria durant l\u2019estiu? | Prieto Barcelona\",\"isPartOf\":{\"@id\":\"https:\/\/pielesprieto.es\/#website\"},\"datePublished\":\"2018-04-24T09:38:43+00:00\",\"dateModified\":\"2019-11-27T12:38:26+00:00\",\"author\":{\"@id\":\"https:\/\/pielesprieto.es\/#\/schema\/person\/4aaf000877c5e8415630ee8b3e7a0bdf\"},\"description\":\"El servei de cambra de conservaci\u00f3 \u00e9s la millor opci\u00f3 pel mantenimient dels articles de pelleteria durant els mesos m\u00e9s c\u00e0lids.\",\"breadcrumb\":{\"@id\":\"https:\/\/pielesprieto.es\/ca\/conservacio-manteniment-pelleteria\/#breadcrumb\"},\"inLanguage\":\"ca\",\"potentialAction\":[{\"@type\":\"ReadAction\",\"target\":[\"https:\/\/pielesprieto.es\/ca\/conservacio-manteniment-pelleteria\/\"]}]},{\"@type\":\"BreadcrumbList\",\"@id\":\"https:\/\/pielesprieto.es\/ca\/conservacio-manteniment-pelleteria\/#breadcrumb\",\"itemListElement\":[{\"@type\":\"ListItem\",\"position\":1,\"name\":\"Portada\",\"item\":\"https:\/\/pielesprieto.es\/ca\/inici\/\"},{\"@type\":\"ListItem\",\"position\":2,\"name\":\"Com puc conservar les meves peces de pelleteria en bon estat durant els mesos de primavera i estiu?\"}]},{\"@type\":\"WebSite\",\"@id\":\"https:\/\/pielesprieto.es\/#website\",\"url\":\"https:\/\/pielesprieto.es\/\",\"name\":\"Pieles Prieto\",\"description\":\"Pieles Prieto\",\"potentialAction\":[{\"@type\":\"SearchAction\",\"target\":{\"@type\":\"EntryPoint\",\"urlTemplate\":\"https:\/\/pielesprieto.es\/?s={search_term_string}\"},\"query-input\":\"required name=search_term_string\"}],\"inLanguage\":\"ca\"},{\"@type\":\"Person\",\"@id\":\"https:\/\/pielesprieto.es\/#\/schema\/person\/4aaf000877c5e8415630ee8b3e7a0bdf\",\"name\":\"pp-administrador\",\"url\":\"https:\/\/pielesprieto.es\/ca\/author\/pp-administrador\/\"}]}<\/script>\n<!-- \/ Yoast SEO plugin. -->","yoast_head_json":{"title":"Com conservo la meva pe\u00e7a de pelleteria durant l\u2019estiu? | Prieto Barcelona","description":"El servei de cambra de conservaci\u00f3 \u00e9s la millor opci\u00f3 pel mantenimient dels articles de pelleteria durant els mesos m\u00e9s c\u00e0lids.","robots":{"index":"index","follow":"follow","max-snippet":"max-snippet:-1","max-image-preview":"max-image-preview:large","max-video-preview":"max-video-preview:-1"},"canonical":"https:\/\/pielesprieto.es\/ca\/conservacio-manteniment-pelleteria\/","og_locale":"ca_ES","og_type":"article","og_title":"Com conservo la meva pe\u00e7a de pelleteria durant l\u2019estiu? | Prieto Barcelona","og_description":"El servei de cambra de conservaci\u00f3 \u00e9s la millor opci\u00f3 pel mantenimient dels articles de pelleteria durant els mesos m\u00e9s c\u00e0lids.","og_url":"https:\/\/pielesprieto.es\/ca\/conservacio-manteniment-pelleteria\/","og_site_name":"Pieles Prieto","article_publisher":"https:\/\/www.facebook.com\/pielesprietobarcelona\/","article_published_time":"2018-04-24T09:38:43+00:00","article_modified_time":"2019-11-27T12:38:26+00:00","og_image":[{"width":960,"height":660,"url":"https:\/\/pielesprieto.es\/wp-content\/uploads\/2018\/04\/201804_CONSERVACION-PRENDA-PIEL.jpg","type":"image\/jpeg"}],"author":"pp-administrador","twitter_card":"summary_large_image","twitter_creator":"@PielesPrieto","twitter_site":"@PielesPrieto","twitter_misc":{"Escrit per":"pp-administrador","Temps estimat de lectura":"5 minuts"},"schema":{"@context":"https:\/\/schema.org","@graph":[{"@type":"WebPage","@id":"https:\/\/pielesprieto.es\/ca\/conservacio-manteniment-pelleteria\/","url":"https:\/\/pielesprieto.es\/ca\/conservacio-manteniment-pelleteria\/","name":"Com conservo la meva pe\u00e7a de pelleteria durant l\u2019estiu? | Prieto Barcelona","isPartOf":{"@id":"https:\/\/pielesprieto.es\/#website"},"datePublished":"2018-04-24T09:38:43+00:00","dateModified":"2019-11-27T12:38:26+00:00","author":{"@id":"https:\/\/pielesprieto.es\/#\/schema\/person\/4aaf000877c5e8415630ee8b3e7a0bdf"},"description":"El servei de cambra de conservaci\u00f3 \u00e9s la millor opci\u00f3 pel mantenimient dels articles de pelleteria durant els mesos m\u00e9s c\u00e0lids.","breadcrumb":{"@id":"https:\/\/pielesprieto.es\/ca\/conservacio-manteniment-pelleteria\/#breadcrumb"},"inLanguage":"ca","potentialAction":[{"@type":"ReadAction","target":["https:\/\/pielesprieto.es\/ca\/conservacio-manteniment-pelleteria\/"]}]},{"@type":"BreadcrumbList","@id":"https:\/\/pielesprieto.es\/ca\/conservacio-manteniment-pelleteria\/#breadcrumb","itemListElement":[{"@type":"ListItem","position":1,"name":"Portada","item":"https:\/\/pielesprieto.es\/ca\/inici\/"},{"@type":"ListItem","position":2,"name":"Com puc conservar les meves peces de pelleteria en bon estat durant els mesos de primavera i estiu?"}]},{"@type":"WebSite","@id":"https:\/\/pielesprieto.es\/#website","url":"https:\/\/pielesprieto.es\/","name":"Pieles Prieto","description":"Pieles Prieto","potentialAction":[{"@type":"SearchAction","target":{"@type":"EntryPoint","urlTemplate":"https:\/\/pielesprieto.es\/?s={search_term_string}"},"query-input":"required name=search_term_string"}],"inLanguage":"ca"},{"@type":"Person","@id":"https:\/\/pielesprieto.es\/#\/schema\/person\/4aaf000877c5e8415630ee8b3e7a0bdf","name":"pp-administrador","url":"https:\/\/pielesprieto.es\/ca\/author\/pp-administrador\/"}]}},"_links":{"self":[{"href":"https:\/\/pielesprieto.es\/ca\/wp-json\/wp\/v2\/posts\/2256"}],"collection":[{"href":"https:\/\/pielesprieto.es\/ca\/wp-json\/wp\/v2\/posts"}],"about":[{"href":"https:\/\/pielesprieto.es\/ca\/wp-json\/wp\/v2\/types\/post"}],"author":[{"embeddable":true,"href":"https:\/\/pielesprieto.es\/ca\/wp-json\/wp\/v2\/users\/2"}],"replies":[{"embeddable":true,"href":"https:\/\/pielesprieto.es\/ca\/wp-json\/wp\/v2\/comments?post=2256"}],"version-history":[{"count":8,"href":"https:\/\/pielesprieto.es\/ca\/wp-json\/wp\/v2\/posts\/2256\/revisions"}],"predecessor-version":[{"id":5181,"href":"https:\/\/pielesprieto.es\/ca\/wp-json\/wp\/v2\/posts\/2256\/revisions\/5181"}],"wp:featuredmedia":[{"embeddable":true,"href":"https:\/\/pielesprieto.es\/ca\/wp-json\/wp\/v2\/media\/2248"}],"wp:attachment":[{"href":"https:\/\/pielesprieto.es\/ca\/wp-json\/wp\/v2\/media?parent=2256"}],"wp:term":[{"taxonomy":"category","embeddable":true,"href":"https:\/\/pielesprieto.es\/ca\/wp-json\/wp\/v2\/categories?post=2256"},{"taxonomy":"post_tag","embeddable":true,"href":"https:\/\/pielesprieto.es\/ca\/wp-json\/wp\/v2\/tags?post=2256"}],"curies":[{"name":"wp","href":"https:\/\/api.w.org\/{rel}","templated":true}]}}