{"id":2082,"date":"2018-03-16T14:56:40","date_gmt":"2018-03-16T12:56:40","guid":{"rendered":"https:\/\/pielesprieto.es\/?p=2082"},"modified":"2019-11-26T15:18:32","modified_gmt":"2019-11-26T13:18:32","slug":"bosses-pell-final-temporada","status":"publish","type":"post","link":"https:\/\/pielesprieto.es\/ca\/bosses-pell-final-temporada\/","title":{"rendered":"Les 4 bosses de p\u00e8l que encara pots portar i que et solucionen qualsevol look"},"content":{"rendered":"\n<style type=\"text\/css\" data-created_by=\"avia_inline_auto\" id=\"style-css-av-av_section-0430dac87e95ed68a9109a1c9ddcca0f\">\n.avia-section.av-av_section-0430dac87e95ed68a9109a1c9ddcca0f{\nbackground-color:#0a0a0a;\nbackground-image:unset;\n}\n<\/style>\n<div id='av_section_1'  class='avia-section av-av_section-0430dac87e95ed68a9109a1c9ddcca0f main_color avia-section-default avia-no-shadow  avia-builder-el-0  el_before_av_textblock  avia-builder-el-first  avia-bg-style-scroll container_wrap sidebar_right'  ><div class='container av-section-cont-open' ><main  role=\"main\" itemprop=\"mainContentOfPage\"  class='template-page content  av-content-small alpha units'><div class='post-entry post-entry-type-page post-entry-2082'><div class='entry-content-wrapper clearfix'>\n<section  class='av_textblock_section av-av_textblock-2de302bf1aa3cf4c9157dbe6f50ac7eb '   itemscope=\"itemscope\" itemtype=\"https:\/\/schema.org\/BlogPosting\" itemprop=\"blogPost\" ><div class='avia_textblock'  itemprop=\"text\" ><h3 style=\"text-align: center\"><span style=\"font-size: 150%\"><a href=\"https:\/\/pielesprieto.es\/ca\/blog\/\"><span style=\"color: #ffffff\">BLOG DE PRIETO BARCELONA<\/span><\/a><\/span><\/h3>\n<h5 style=\"text-align: center\"><a href=\"https:\/\/pielesprieto.es\/ca\/blog\/\"><span style=\"color: #ffffff\">Totes les not\u00edcies de la marca i del sector de la pelleteria.<\/span><\/a><\/h5>\n<\/div><\/section>\n<\/div><\/div><\/main><!-- close content main element --><\/div><\/div><div id='after_section_1'  class='main_color av_default_container_wrap container_wrap sidebar_right'  ><div class='container av-section-cont-open' ><div class='template-page content  av-content-small alpha units'><div class='post-entry post-entry-type-page post-entry-2082'><div class='entry-content-wrapper clearfix'>\n\n<style type=\"text\/css\" data-created_by=\"avia_inline_auto\" id=\"style-css-av-av_textblock-07d9ed8e88f936c1ae08938f46e74f2a\">\n#top .av_textblock_section.av-av_textblock-07d9ed8e88f936c1ae08938f46e74f2a .avia_textblock{\nfont-size:34px;\n}\n<\/style>\n<section  class='av_textblock_section av-av_textblock-07d9ed8e88f936c1ae08938f46e74f2a '   itemscope=\"itemscope\" itemtype=\"https:\/\/schema.org\/BlogPosting\" itemprop=\"blogPost\" ><div class='avia_textblock'  itemprop=\"text\" ><h1><strong>LES 4 BOSSES DE P\u00c8L QUE ENCARA POTS PORTAR I QUE ET SOLUCIONEN QUALSEVOL LOOK<\/strong><\/h1>\n<\/div><\/section>\n\n<style type=\"text\/css\" data-created_by=\"avia_inline_auto\" id=\"style-css-av-av_hr-4fe7ca31632bc16a918f996b90394a4b\">\n#top .hr.hr-invisible.av-av_hr-4fe7ca31632bc16a918f996b90394a4b{\nheight:2px;\n}\n<\/style>\n<div  class='hr av-av_hr-4fe7ca31632bc16a918f996b90394a4b hr-invisible  avia-builder-el-3  el_after_av_textblock  el_before_av_textblock '><span class='hr-inner '><span class=\"hr-inner-style\"><\/span><\/span><\/div>\n\n<style type=\"text\/css\" data-created_by=\"avia_inline_auto\" id=\"style-css-av-av_textblock-2d38d47c6c21648893d1573789d1ca99\">\n#top .av_textblock_section.av-av_textblock-2d38d47c6c21648893d1573789d1ca99 .avia_textblock{\nfont-size:14px;\ncolor:#0a0a0a;\n}\n<\/style>\n<section  class='av_textblock_section av-av_textblock-2d38d47c6c21648893d1573789d1ca99 '   itemscope=\"itemscope\" itemtype=\"https:\/\/schema.org\/BlogPosting\" itemprop=\"blogPost\" ><div class='avia_textblock av_inherit_color'  itemprop=\"text\" ><h2 class=\"comop\"><strong>Avui et presentem 4 bosses de pelleteria de <a href=\"https:\/\/pielesprieto.es\/ca\/colleccio-complements\/\" target=\"_blank\" rel=\"noopener\"><u>la col\u00b7lecci\u00f3 de Prieto Barcelona<\/u><\/a> que solucionen qualsevol look de final de temporada. Tant si busques un estil casual como un conjunt per assistir a una celebraci\u00f3, dins d\u2019aquesta selecci\u00f3 est\u00e0 la bossa ideal per completar el teu look.<\/strong><\/h2>\n<\/div><\/section>\n<section  class='av_textblock_section av-av_textblock-2de302bf1aa3cf4c9157dbe6f50ac7eb '   itemscope=\"itemscope\" itemtype=\"https:\/\/schema.org\/BlogPosting\" itemprop=\"blogPost\" ><div class='avia_textblock'  itemprop=\"text\" ><p>La primera bossa que et volem presentar \u00e9s el <strong>model AGUEDA<\/strong>, una bossa lleugera confeccionada amb pell de vis\u00f3 despinsat disponible en diferents colors. Cada pe\u00e7a compta amb un pomp\u00f3 de p\u00e8l de guineu de la mateixa tonalitat que la pell de vis\u00f3. Aquest model \u00e9s molt vers\u00e0til ja que te\u2019l pots penjar o el pots portar a la m\u00e0 com un <em>clutch<\/em>.<\/p>\n<\/div><\/section>\n\n<style type=\"text\/css\" data-created_by=\"avia_inline_auto\" id=\"style-css-av-av_hr-373523e22f0366b13a549278f1ad345e\">\n#top .hr.hr-invisible.av-av_hr-373523e22f0366b13a549278f1ad345e{\nheight:10px;\n}\n<\/style>\n<div  class='hr av-av_hr-373523e22f0366b13a549278f1ad345e hr-invisible  avia-builder-el-6  el_after_av_textblock  el_before_av_image '><span class='hr-inner '><span class=\"hr-inner-style\"><\/span><\/span><\/div>\n\n<style type=\"text\/css\" data-created_by=\"avia_inline_auto\" id=\"style-css-av-av_image-c4ec54beb05e828a6cdd591a6f9d2415\">\n.avia-image-container.av-av_image-c4ec54beb05e828a6cdd591a6f9d2415 img.avia_image{\nbox-shadow:none;\n}\n.avia-image-container.av-av_image-c4ec54beb05e828a6cdd591a6f9d2415 .av-image-caption-overlay-center{\ncolor:#ffffff;\n}\n<\/style>\n<div  class='avia-image-container av-av_image-c4ec54beb05e828a6cdd591a6f9d2415 av-styling- avia-align-center  avia-builder-el-7  el_after_av_hr  el_before_av_hr '   itemprop=\"image\" itemscope=\"itemscope\" itemtype=\"https:\/\/schema.org\/ImageObject\" ><div class=\"avia-image-container-inner\"><div class=\"avia-image-overlay-wrap\"><img decoding=\"async\" class='wp-image-2054 avia-img-lazy-loading-not-2054 avia_image ' src=\"https:\/\/pielesprieto.es\/wp-content\/uploads\/2018\/03\/201803_BOLSOS-PIEL_04.jpg\" alt='Bolso AGUEDA de la colecci\u00f3n de complentos Prieto Barcelona' title='Bolso Pieles Prieto Barcelona AGUEDA'  height=\"660\" width=\"960\"  itemprop=\"thumbnailUrl\" srcset=\"https:\/\/pielesprieto.es\/wp-content\/uploads\/2018\/03\/201803_BOLSOS-PIEL_04.jpg 960w, https:\/\/pielesprieto.es\/wp-content\/uploads\/2018\/03\/201803_BOLSOS-PIEL_04-600x413.jpg 600w, https:\/\/pielesprieto.es\/wp-content\/uploads\/2018\/03\/201803_BOLSOS-PIEL_04-300x206.jpg 300w, https:\/\/pielesprieto.es\/wp-content\/uploads\/2018\/03\/201803_BOLSOS-PIEL_04-768x528.jpg 768w, https:\/\/pielesprieto.es\/wp-content\/uploads\/2018\/03\/201803_BOLSOS-PIEL_04-705x485.jpg 705w\" sizes=\"(max-width: 960px) 100vw, 960px\" \/><\/div><\/div><\/div>\n\n<style type=\"text\/css\" data-created_by=\"avia_inline_auto\" id=\"style-css-av-av_hr-5d74ded74483867bcf4f6bb06a94fdee\">\n#top .hr.hr-invisible.av-av_hr-5d74ded74483867bcf4f6bb06a94fdee{\nheight:5px;\n}\n<\/style>\n<div  class='hr av-av_hr-5d74ded74483867bcf4f6bb06a94fdee hr-invisible  avia-builder-el-8  el_after_av_image  el_before_av_textblock '><span class='hr-inner '><span class=\"hr-inner-style\"><\/span><\/span><\/div>\n<section  class='av_textblock_section av-av_textblock-2de302bf1aa3cf4c9157dbe6f50ac7eb '   itemscope=\"itemscope\" itemtype=\"https:\/\/schema.org\/BlogPosting\" itemprop=\"blogPost\" ><div class='avia_textblock'  itemprop=\"text\" ><p>Una altre proposta interessant \u00e9s el <strong>model AVA<\/strong>, aquesta \u00e9s la bossa m\u00e9s demandada per les nostres clientes. Un model ideal per aconseguir un <em>look<\/em> informal sense perdre l\u2019estil. Aquesta bossa est\u00e0 confeccionada amb pell de mouton, convertint-la en un complement resistent i pr\u00e0ctic. <strong>Ets de les persones que sempre va carregada? Aquesta \u00e9s la teva bossa!<\/strong><\/p>\n<\/div><\/section>\n\n<style type=\"text\/css\" data-created_by=\"avia_inline_auto\" id=\"style-css-av-av_hr-373523e22f0366b13a549278f1ad345e\">\n#top .hr.hr-invisible.av-av_hr-373523e22f0366b13a549278f1ad345e{\nheight:10px;\n}\n<\/style>\n<div  class='hr av-av_hr-373523e22f0366b13a549278f1ad345e hr-invisible  avia-builder-el-10  el_after_av_textblock  el_before_av_image '><span class='hr-inner '><span class=\"hr-inner-style\"><\/span><\/span><\/div>\n\n<style type=\"text\/css\" data-created_by=\"avia_inline_auto\" id=\"style-css-av-av_image-03f449df54ed2fb705f5749025715e9a\">\n.avia-image-container.av-av_image-03f449df54ed2fb705f5749025715e9a img.avia_image{\nbox-shadow:none;\n}\n.avia-image-container.av-av_image-03f449df54ed2fb705f5749025715e9a .av-image-caption-overlay-center{\ncolor:#ffffff;\n}\n<\/style>\n<div  class='avia-image-container av-av_image-03f449df54ed2fb705f5749025715e9a av-styling- avia-align-center  avia-builder-el-11  el_after_av_hr  el_before_av_hr '   itemprop=\"image\" itemscope=\"itemscope\" itemtype=\"https:\/\/schema.org\/ImageObject\" ><div class=\"avia-image-container-inner\"><div class=\"avia-image-overlay-wrap\"><img decoding=\"async\" class='wp-image-2066 avia-img-lazy-loading-not-2066 avia_image ' src=\"https:\/\/pielesprieto.es\/wp-content\/uploads\/2018\/03\/201803_BOLSOS-PIEL_03.jpg\" alt='Bolso grande peleter\u00eda Prieto Barcelona' title='Bolso piel Prieto Barcelona AVA'  height=\"660\" width=\"960\"  itemprop=\"thumbnailUrl\" srcset=\"https:\/\/pielesprieto.es\/wp-content\/uploads\/2018\/03\/201803_BOLSOS-PIEL_03.jpg 960w, https:\/\/pielesprieto.es\/wp-content\/uploads\/2018\/03\/201803_BOLSOS-PIEL_03-600x413.jpg 600w, https:\/\/pielesprieto.es\/wp-content\/uploads\/2018\/03\/201803_BOLSOS-PIEL_03-300x206.jpg 300w, https:\/\/pielesprieto.es\/wp-content\/uploads\/2018\/03\/201803_BOLSOS-PIEL_03-768x528.jpg 768w, https:\/\/pielesprieto.es\/wp-content\/uploads\/2018\/03\/201803_BOLSOS-PIEL_03-705x485.jpg 705w\" sizes=\"(max-width: 960px) 100vw, 960px\" \/><\/div><\/div><\/div>\n\n<style type=\"text\/css\" data-created_by=\"avia_inline_auto\" id=\"style-css-av-av_hr-5d74ded74483867bcf4f6bb06a94fdee\">\n#top .hr.hr-invisible.av-av_hr-5d74ded74483867bcf4f6bb06a94fdee{\nheight:5px;\n}\n<\/style>\n<div  class='hr av-av_hr-5d74ded74483867bcf4f6bb06a94fdee hr-invisible  avia-builder-el-12  el_after_av_image  el_before_av_textblock '><span class='hr-inner '><span class=\"hr-inner-style\"><\/span><\/span><\/div>\n<section  class='av_textblock_section av-av_textblock-2de302bf1aa3cf4c9157dbe6f50ac7eb '   itemscope=\"itemscope\" itemtype=\"https:\/\/schema.org\/BlogPosting\" itemprop=\"blogPost\" ><div class='avia_textblock'  itemprop=\"text\" ><p>Si per contra ets de les persones que nom\u00e9s porta a la bossa all\u00f2 que \u00e9s imprescindible i tan sols necessites espai per la cartera, el m\u00f2bil i poca cosa m\u00e9s, et presentem el <strong>model KATE<\/strong>. Aquesta petita bossa confeccionada amb pell de conill est\u00e0 disponible en cridaners colores y diferents estampats. Es tracta d\u2019un complement senzill per\u00f2 que dona un toc divertit a qualsevol <em>look<\/em>.<\/p>\n<\/div><\/section>\n\n<style type=\"text\/css\" data-created_by=\"avia_inline_auto\" id=\"style-css-av-av_hr-373523e22f0366b13a549278f1ad345e\">\n#top .hr.hr-invisible.av-av_hr-373523e22f0366b13a549278f1ad345e{\nheight:10px;\n}\n<\/style>\n<div  class='hr av-av_hr-373523e22f0366b13a549278f1ad345e hr-invisible  avia-builder-el-14  el_after_av_textblock  el_before_av_image '><span class='hr-inner '><span class=\"hr-inner-style\"><\/span><\/span><\/div>\n\n<style type=\"text\/css\" data-created_by=\"avia_inline_auto\" id=\"style-css-av-av_image-f6ea7783de93b2ca70a97c2a454dd6f7\">\n.avia-image-container.av-av_image-f6ea7783de93b2ca70a97c2a454dd6f7 img.avia_image{\nbox-shadow:none;\n}\n.avia-image-container.av-av_image-f6ea7783de93b2ca70a97c2a454dd6f7 .av-image-caption-overlay-center{\ncolor:#ffffff;\n}\n<\/style>\n<div  class='avia-image-container av-av_image-f6ea7783de93b2ca70a97c2a454dd6f7 av-styling- avia-align-center  avia-builder-el-15  el_after_av_hr  el_before_av_hr '   itemprop=\"image\" itemscope=\"itemscope\" itemtype=\"https:\/\/schema.org\/ImageObject\" ><div class=\"avia-image-container-inner\"><div class=\"avia-image-overlay-wrap\"><img decoding=\"async\" class='wp-image-2062 avia-img-lazy-loading-not-2062 avia_image ' src=\"https:\/\/pielesprieto.es\/wp-content\/uploads\/2018\/03\/201803_BOLSOS-PIEL_02.jpg\" alt='Bolso piel Prieto Barcelona' title='Bolso KATE pieles Prieto Barcelona'  height=\"660\" width=\"960\"  itemprop=\"thumbnailUrl\" srcset=\"https:\/\/pielesprieto.es\/wp-content\/uploads\/2018\/03\/201803_BOLSOS-PIEL_02.jpg 960w, https:\/\/pielesprieto.es\/wp-content\/uploads\/2018\/03\/201803_BOLSOS-PIEL_02-600x413.jpg 600w, https:\/\/pielesprieto.es\/wp-content\/uploads\/2018\/03\/201803_BOLSOS-PIEL_02-300x206.jpg 300w, https:\/\/pielesprieto.es\/wp-content\/uploads\/2018\/03\/201803_BOLSOS-PIEL_02-768x528.jpg 768w, https:\/\/pielesprieto.es\/wp-content\/uploads\/2018\/03\/201803_BOLSOS-PIEL_02-705x485.jpg 705w\" sizes=\"(max-width: 960px) 100vw, 960px\" \/><\/div><\/div><\/div>\n\n<style type=\"text\/css\" data-created_by=\"avia_inline_auto\" id=\"style-css-av-av_hr-5d74ded74483867bcf4f6bb06a94fdee\">\n#top .hr.hr-invisible.av-av_hr-5d74ded74483867bcf4f6bb06a94fdee{\nheight:5px;\n}\n<\/style>\n<div  class='hr av-av_hr-5d74ded74483867bcf4f6bb06a94fdee hr-invisible  avia-builder-el-16  el_after_av_image  el_before_av_textblock '><span class='hr-inner '><span class=\"hr-inner-style\"><\/span><\/span><\/div>\n<section  class='av_textblock_section av-av_textblock-2de302bf1aa3cf4c9157dbe6f50ac7eb '   itemscope=\"itemscope\" itemtype=\"https:\/\/schema.org\/BlogPosting\" itemprop=\"blogPost\" ><div class='avia_textblock'  itemprop=\"text\" ><p>Per \u00faltim, pensem que en el teu armari no pot faltar la <strong>bossa KILI<\/strong>, aquest ser\u00e0 el millor aliat per les teves jornades laborals. Aquesta bossa pr\u00e0ctica i elegant alhora, est\u00e1 confeccionada amb pell d\u2019astracan i compta amb varies butxaques interiors i cremalleres per protegir el contingut. <strong>Aquesta \u00e9s la bossa per menjar-te el m\u00f3n!<\/strong><\/p>\n<\/div><\/section>\n\n<style type=\"text\/css\" data-created_by=\"avia_inline_auto\" id=\"style-css-av-av_hr-373523e22f0366b13a549278f1ad345e\">\n#top .hr.hr-invisible.av-av_hr-373523e22f0366b13a549278f1ad345e{\nheight:10px;\n}\n<\/style>\n<div  class='hr av-av_hr-373523e22f0366b13a549278f1ad345e hr-invisible  avia-builder-el-18  el_after_av_textblock  el_before_av_image '><span class='hr-inner '><span class=\"hr-inner-style\"><\/span><\/span><\/div>\n\n<style type=\"text\/css\" data-created_by=\"avia_inline_auto\" id=\"style-css-av-av_image-bdbc9b8ab71eea5226a5e6f8bb95387f\">\n.avia-image-container.av-av_image-bdbc9b8ab71eea5226a5e6f8bb95387f img.avia_image{\nbox-shadow:none;\n}\n.avia-image-container.av-av_image-bdbc9b8ab71eea5226a5e6f8bb95387f .av-image-caption-overlay-center{\ncolor:#ffffff;\n}\n<\/style>\n<div  class='avia-image-container av-av_image-bdbc9b8ab71eea5226a5e6f8bb95387f av-styling- avia-align-center  avia-builder-el-19  el_after_av_hr  el_before_av_hr '   itemprop=\"image\" itemscope=\"itemscope\" itemtype=\"https:\/\/schema.org\/ImageObject\" ><div class=\"avia-image-container-inner\"><div class=\"avia-image-overlay-wrap\"><img decoding=\"async\" class='wp-image-2050 avia-img-lazy-loading-not-2050 avia_image ' src=\"https:\/\/pielesprieto.es\/wp-content\/uploads\/2018\/03\/201803_BOLSOS-PIEL_01.jpg\" alt='Bolso de peleter\u00eda KILI Prieto Barcelona' title='Bolso Pieles Prieto Barcelona KILI'  height=\"660\" width=\"960\"  itemprop=\"thumbnailUrl\" srcset=\"https:\/\/pielesprieto.es\/wp-content\/uploads\/2018\/03\/201803_BOLSOS-PIEL_01.jpg 960w, https:\/\/pielesprieto.es\/wp-content\/uploads\/2018\/03\/201803_BOLSOS-PIEL_01-600x413.jpg 600w, https:\/\/pielesprieto.es\/wp-content\/uploads\/2018\/03\/201803_BOLSOS-PIEL_01-300x206.jpg 300w, https:\/\/pielesprieto.es\/wp-content\/uploads\/2018\/03\/201803_BOLSOS-PIEL_01-768x528.jpg 768w, https:\/\/pielesprieto.es\/wp-content\/uploads\/2018\/03\/201803_BOLSOS-PIEL_01-705x485.jpg 705w\" sizes=\"(max-width: 960px) 100vw, 960px\" \/><\/div><\/div><\/div>\n\n<style type=\"text\/css\" data-created_by=\"avia_inline_auto\" id=\"style-css-av-av_hr-5d74ded74483867bcf4f6bb06a94fdee\">\n#top .hr.hr-invisible.av-av_hr-5d74ded74483867bcf4f6bb06a94fdee{\nheight:5px;\n}\n<\/style>\n<div  class='hr av-av_hr-5d74ded74483867bcf4f6bb06a94fdee hr-invisible  avia-builder-el-20  el_after_av_image  el_before_av_textblock '><span class='hr-inner '><span class=\"hr-inner-style\"><\/span><\/span><\/div>\n<section  class='av_textblock_section av-av_textblock-2de302bf1aa3cf4c9157dbe6f50ac7eb '   itemscope=\"itemscope\" itemtype=\"https:\/\/schema.org\/BlogPosting\" itemprop=\"blogPost\" ><div class='avia_textblock'  itemprop=\"text\" ><p>Estem segurs que amb aquestes propostes aconseguir\u00e0s uns <em>looks<\/em> de final de temporada espectaculars. Si vols veure tota la col\u00b7lecci\u00f3 de bosses de la pelleteria Prieto Barcelona, no dubtis en <a href=\"https:\/\/pielesprieto.es\/ca\/botigues-taller\/\" target=\"_blank\" rel=\"noopener\"><u>visitar una de les nostres botigues<\/u><\/a>, el nostre equip t\u2019assessorar\u00e0 perqu\u00e8 trobis el que necessites.<\/p>\n<\/div><\/section>\n\n<style type=\"text\/css\" data-created_by=\"avia_inline_auto\" id=\"style-css-av-av_hr-616cd310f4c6bf63bbd1f033802c1165\">\n#top .hr.hr-invisible.av-av_hr-616cd310f4c6bf63bbd1f033802c1165{\nheight:20px;\n}\n<\/style>\n<div  class='hr av-av_hr-616cd310f4c6bf63bbd1f033802c1165 hr-invisible  avia-builder-el-22  el_after_av_textblock  el_before_av_social_share '><span class='hr-inner '><span class=\"hr-inner-style\"><\/span><\/span><\/div>\n<div  class='av-social-sharing-box av-av_social_share-154f3c0b8d4df222b11bc43eeb2be2bc av-social-sharing-box-default  avia-builder-el-23  el_after_av_hr  el_before_av_hr  av-social-sharing-box-fullwidth'><div class=\"av-share-box\"><h5 class='av-share-link-description av-no-toc '>Compartir esta entrada:<\/h5><ul class=\"av-share-box-list noLightbox\"><li class='av-share-link av-social-link-facebook' ><a target=\"_blank\" aria-label=\"Compartir a Facebook\" href='https:\/\/www.facebook.com\/sharer.php?u=https:\/\/pielesprieto.es\/ca\/bosses-pell-final-temporada\/&#038;t=Les%204%20bosses%20de%20p%C3%A8l%20que%20encara%20pots%20portar%20i%20que%20et%20solucionen%20qualsevol%20look' aria-hidden='false' data-av_icon='\ue8f3' data-av_iconfont='entypo-fontello' title='' data-avia-related-tooltip='Compartir a Facebook' rel=\"noopener\"><span class='avia_hidden_link_text'>Compartir a Facebook<\/span><\/a><\/li><li class='av-share-link av-social-link-twitter' ><a target=\"_blank\" aria-label=\"Compartir a Twitter\" href='https:\/\/twitter.com\/share?text=Les%204%20bosses%20de%20p%C3%A8l%20que%20encara%20pots%20portar%20i%20que%20et%20solucionen%20qualsevol%20look&#038;url=https:\/\/pielesprieto.es\/ca\/?p=2082' aria-hidden='false' data-av_icon='\ue8f1' data-av_iconfont='entypo-fontello' title='' data-avia-related-tooltip='Compartir a Twitter' rel=\"noopener\"><span class='avia_hidden_link_text'>Compartir a Twitter<\/span><\/a><\/li><li class='av-share-link av-social-link-whatsapp' ><a target=\"_blank\" aria-label=\"Share on WhatsApp\" href='https:\/\/api.whatsapp.com\/send?text=https:\/\/pielesprieto.es\/ca\/bosses-pell-final-temporada\/' aria-hidden='false' data-av_icon='\uf232' data-av_iconfont='entypo-fontello' title='' data-avia-related-tooltip='Share on WhatsApp' rel=\"noopener\"><span class='avia_hidden_link_text'>Share on WhatsApp<\/span><\/a><\/li><li class='av-share-link av-social-link-mail' ><a  aria-label=\"Compartir per correu\" href='mailto:?subject=Les%204%20bosses%20de%20p%C3%A8l%20que%20encara%20pots%20portar%20i%20que%20et%20solucionen%20qualsevol%20look&#038;body=https:\/\/pielesprieto.es\/ca\/bosses-pell-final-temporada\/' aria-hidden='false' data-av_icon='\ue805' data-av_iconfont='entypo-fontello' title='' data-avia-related-tooltip='Compartir per correu'><span class='avia_hidden_link_text'>Compartir per correu<\/span><\/a><\/li><\/ul><\/div><\/div>\n\n<style type=\"text\/css\" data-created_by=\"avia_inline_auto\" id=\"style-css-av-av_hr-616cd310f4c6bf63bbd1f033802c1165\">\n#top .hr.hr-invisible.av-av_hr-616cd310f4c6bf63bbd1f033802c1165{\nheight:20px;\n}\n<\/style>\n<div  class='hr av-av_hr-616cd310f4c6bf63bbd1f033802c1165 hr-invisible  avia-builder-el-24  el_after_av_social_share  el_before_av_comments_list '><span class='hr-inner '><span class=\"hr-inner-style\"><\/span><\/span><\/div>\n<div  class='av-buildercomment av-av_comments_list-88ce68e426f11248fa394058a3de040f  av-blog-meta-author-disabled av-blog-meta-comments-disabled av-blog-meta-category-disabled av-blog-meta-html-info-disabled av-blog-meta-tag-disabled'><\/div>\n","protected":false},"excerpt":{"rendered":"","protected":false},"author":2,"featured_media":2050,"comment_status":"closed","ping_status":"open","sticky":false,"template":"","format":"standard","meta":[],"categories":[44,43],"tags":[399,380,50,92,91,51,400,60,67,372,68],"yoast_head":"<!-- This site is optimized with the Yoast SEO plugin v20.9 - https:\/\/yoast.com\/wordpress\/plugins\/seo\/ -->\n<title>Les 4 bosses de pell que et solucionen qualsevol look | Prieto Barcelona<\/title>\n<meta name=\"description\" content=\"Et presentem 4 espectaculars bosses de pelleteria de la col\u00b7lecci\u00f3 de complements Prieto amb els que completar qualsevol look de final de temporada.\" \/>\n<meta name=\"robots\" content=\"index, follow, max-snippet:-1, max-image-preview:large, max-video-preview:-1\" \/>\n<link rel=\"canonical\" href=\"https:\/\/pielesprieto.es\/ca\/bosses-pell-final-temporada\/\" \/>\n<meta property=\"og:locale\" content=\"ca_ES\" \/>\n<meta property=\"og:type\" content=\"article\" \/>\n<meta property=\"og:title\" content=\"Les 4 bosses de pell que et solucionen qualsevol look | Prieto Barcelona\" \/>\n<meta property=\"og:description\" content=\"Et presentem 4 espectaculars bosses de pelleteria de la col\u00b7lecci\u00f3 de complements Prieto amb els que completar qualsevol look de final de temporada.\" \/>\n<meta property=\"og:url\" content=\"https:\/\/pielesprieto.es\/ca\/bosses-pell-final-temporada\/\" \/>\n<meta property=\"og:site_name\" content=\"Pieles Prieto\" \/>\n<meta property=\"article:publisher\" content=\"https:\/\/www.facebook.com\/pielesprietobarcelona\/\" \/>\n<meta property=\"article:published_time\" content=\"2018-03-16T12:56:40+00:00\" \/>\n<meta property=\"article:modified_time\" content=\"2019-11-26T13:18:32+00:00\" \/>\n<meta property=\"og:image\" content=\"https:\/\/pielesprieto.es\/wp-content\/uploads\/2018\/03\/201803_BOLSOS-PIEL_01.jpg\" \/>\n\t<meta property=\"og:image:width\" content=\"960\" \/>\n\t<meta property=\"og:image:height\" content=\"660\" \/>\n\t<meta property=\"og:image:type\" content=\"image\/jpeg\" \/>\n<meta name=\"author\" content=\"pp-administrador\" \/>\n<meta name=\"twitter:card\" content=\"summary_large_image\" \/>\n<meta name=\"twitter:creator\" content=\"@PielesPrieto\" \/>\n<meta name=\"twitter:site\" content=\"@PielesPrieto\" \/>\n<meta name=\"twitter:label1\" content=\"Escrit per\" \/>\n\t<meta name=\"twitter:data1\" content=\"pp-administrador\" \/>\n\t<meta name=\"twitter:label2\" content=\"Temps estimat de lectura\" \/>\n\t<meta name=\"twitter:data2\" content=\"7 minuts\" \/>\n<script type=\"application\/ld+json\" class=\"yoast-schema-graph\">{\"@context\":\"https:\/\/schema.org\",\"@graph\":[{\"@type\":\"WebPage\",\"@id\":\"https:\/\/pielesprieto.es\/ca\/bosses-pell-final-temporada\/\",\"url\":\"https:\/\/pielesprieto.es\/ca\/bosses-pell-final-temporada\/\",\"name\":\"Les 4 bosses de pell que et solucionen qualsevol look | Prieto Barcelona\",\"isPartOf\":{\"@id\":\"https:\/\/pielesprieto.es\/#website\"},\"datePublished\":\"2018-03-16T12:56:40+00:00\",\"dateModified\":\"2019-11-26T13:18:32+00:00\",\"author\":{\"@id\":\"https:\/\/pielesprieto.es\/#\/schema\/person\/4aaf000877c5e8415630ee8b3e7a0bdf\"},\"description\":\"Et presentem 4 espectaculars bosses de pelleteria de la col\u00b7lecci\u00f3 de complements Prieto amb els que completar qualsevol look de final de temporada.\",\"breadcrumb\":{\"@id\":\"https:\/\/pielesprieto.es\/ca\/bosses-pell-final-temporada\/#breadcrumb\"},\"inLanguage\":\"ca\",\"potentialAction\":[{\"@type\":\"ReadAction\",\"target\":[\"https:\/\/pielesprieto.es\/ca\/bosses-pell-final-temporada\/\"]}]},{\"@type\":\"BreadcrumbList\",\"@id\":\"https:\/\/pielesprieto.es\/ca\/bosses-pell-final-temporada\/#breadcrumb\",\"itemListElement\":[{\"@type\":\"ListItem\",\"position\":1,\"name\":\"Portada\",\"item\":\"https:\/\/pielesprieto.es\/ca\/inici\/\"},{\"@type\":\"ListItem\",\"position\":2,\"name\":\"Les 4 bosses de p\u00e8l que encara pots portar i que et solucionen qualsevol look\"}]},{\"@type\":\"WebSite\",\"@id\":\"https:\/\/pielesprieto.es\/#website\",\"url\":\"https:\/\/pielesprieto.es\/\",\"name\":\"Pieles Prieto\",\"description\":\"Pieles Prieto\",\"potentialAction\":[{\"@type\":\"SearchAction\",\"target\":{\"@type\":\"EntryPoint\",\"urlTemplate\":\"https:\/\/pielesprieto.es\/?s={search_term_string}\"},\"query-input\":\"required name=search_term_string\"}],\"inLanguage\":\"ca\"},{\"@type\":\"Person\",\"@id\":\"https:\/\/pielesprieto.es\/#\/schema\/person\/4aaf000877c5e8415630ee8b3e7a0bdf\",\"name\":\"pp-administrador\",\"url\":\"https:\/\/pielesprieto.es\/ca\/author\/pp-administrador\/\"}]}<\/script>\n<!-- \/ Yoast SEO plugin. -->","yoast_head_json":{"title":"Les 4 bosses de pell que et solucionen qualsevol look | Prieto Barcelona","description":"Et presentem 4 espectaculars bosses de pelleteria de la col\u00b7lecci\u00f3 de complements Prieto amb els que completar qualsevol look de final de temporada.","robots":{"index":"index","follow":"follow","max-snippet":"max-snippet:-1","max-image-preview":"max-image-preview:large","max-video-preview":"max-video-preview:-1"},"canonical":"https:\/\/pielesprieto.es\/ca\/bosses-pell-final-temporada\/","og_locale":"ca_ES","og_type":"article","og_title":"Les 4 bosses de pell que et solucionen qualsevol look | Prieto Barcelona","og_description":"Et presentem 4 espectaculars bosses de pelleteria de la col\u00b7lecci\u00f3 de complements Prieto amb els que completar qualsevol look de final de temporada.","og_url":"https:\/\/pielesprieto.es\/ca\/bosses-pell-final-temporada\/","og_site_name":"Pieles Prieto","article_publisher":"https:\/\/www.facebook.com\/pielesprietobarcelona\/","article_published_time":"2018-03-16T12:56:40+00:00","article_modified_time":"2019-11-26T13:18:32+00:00","og_image":[{"width":960,"height":660,"url":"https:\/\/pielesprieto.es\/wp-content\/uploads\/2018\/03\/201803_BOLSOS-PIEL_01.jpg","type":"image\/jpeg"}],"author":"pp-administrador","twitter_card":"summary_large_image","twitter_creator":"@PielesPrieto","twitter_site":"@PielesPrieto","twitter_misc":{"Escrit per":"pp-administrador","Temps estimat de lectura":"7 minuts"},"schema":{"@context":"https:\/\/schema.org","@graph":[{"@type":"WebPage","@id":"https:\/\/pielesprieto.es\/ca\/bosses-pell-final-temporada\/","url":"https:\/\/pielesprieto.es\/ca\/bosses-pell-final-temporada\/","name":"Les 4 bosses de pell que et solucionen qualsevol look | Prieto Barcelona","isPartOf":{"@id":"https:\/\/pielesprieto.es\/#website"},"datePublished":"2018-03-16T12:56:40+00:00","dateModified":"2019-11-26T13:18:32+00:00","author":{"@id":"https:\/\/pielesprieto.es\/#\/schema\/person\/4aaf000877c5e8415630ee8b3e7a0bdf"},"description":"Et presentem 4 espectaculars bosses de pelleteria de la col\u00b7lecci\u00f3 de complements Prieto amb els que completar qualsevol look de final de temporada.","breadcrumb":{"@id":"https:\/\/pielesprieto.es\/ca\/bosses-pell-final-temporada\/#breadcrumb"},"inLanguage":"ca","potentialAction":[{"@type":"ReadAction","target":["https:\/\/pielesprieto.es\/ca\/bosses-pell-final-temporada\/"]}]},{"@type":"BreadcrumbList","@id":"https:\/\/pielesprieto.es\/ca\/bosses-pell-final-temporada\/#breadcrumb","itemListElement":[{"@type":"ListItem","position":1,"name":"Portada","item":"https:\/\/pielesprieto.es\/ca\/inici\/"},{"@type":"ListItem","position":2,"name":"Les 4 bosses de p\u00e8l que encara pots portar i que et solucionen qualsevol look"}]},{"@type":"WebSite","@id":"https:\/\/pielesprieto.es\/#website","url":"https:\/\/pielesprieto.es\/","name":"Pieles Prieto","description":"Pieles Prieto","potentialAction":[{"@type":"SearchAction","target":{"@type":"EntryPoint","urlTemplate":"https:\/\/pielesprieto.es\/?s={search_term_string}"},"query-input":"required name=search_term_string"}],"inLanguage":"ca"},{"@type":"Person","@id":"https:\/\/pielesprieto.es\/#\/schema\/person\/4aaf000877c5e8415630ee8b3e7a0bdf","name":"pp-administrador","url":"https:\/\/pielesprieto.es\/ca\/author\/pp-administrador\/"}]}},"_links":{"self":[{"href":"https:\/\/pielesprieto.es\/ca\/wp-json\/wp\/v2\/posts\/2082"}],"collection":[{"href":"https:\/\/pielesprieto.es\/ca\/wp-json\/wp\/v2\/posts"}],"about":[{"href":"https:\/\/pielesprieto.es\/ca\/wp-json\/wp\/v2\/types\/post"}],"author":[{"embeddable":true,"href":"https:\/\/pielesprieto.es\/ca\/wp-json\/wp\/v2\/users\/2"}],"replies":[{"embeddable":true,"href":"https:\/\/pielesprieto.es\/ca\/wp-json\/wp\/v2\/comments?post=2082"}],"version-history":[{"count":7,"href":"https:\/\/pielesprieto.es\/ca\/wp-json\/wp\/v2\/posts\/2082\/revisions"}],"predecessor-version":[{"id":5179,"href":"https:\/\/pielesprieto.es\/ca\/wp-json\/wp\/v2\/posts\/2082\/revisions\/5179"}],"wp:featuredmedia":[{"embeddable":true,"href":"https:\/\/pielesprieto.es\/ca\/wp-json\/wp\/v2\/media\/2050"}],"wp:attachment":[{"href":"https:\/\/pielesprieto.es\/ca\/wp-json\/wp\/v2\/media?parent=2082"}],"wp:term":[{"taxonomy":"category","embeddable":true,"href":"https:\/\/pielesprieto.es\/ca\/wp-json\/wp\/v2\/categories?post=2082"},{"taxonomy":"post_tag","embeddable":true,"href":"https:\/\/pielesprieto.es\/ca\/wp-json\/wp\/v2\/tags?post=2082"}],"curies":[{"name":"wp","href":"https:\/\/api.w.org\/{rel}","templated":true}]}}