{"id":2039,"date":"2018-02-27T13:07:07","date_gmt":"2018-02-27T11:07:07","guid":{"rendered":"https:\/\/pielesprieto.es\/?p=2039"},"modified":"2019-11-26T15:16:12","modified_gmt":"2019-11-26T13:16:12","slug":"fira-sector-pelleter-theonemilano","status":"publish","type":"post","link":"https:\/\/pielesprieto.es\/ca\/fira-sector-pelleter-theonemilano\/","title":{"rendered":"TheOneMilano, la cita imprescindible pel sector de la moda i la pelleteria"},"content":{"rendered":"\n<style type=\"text\/css\" data-created_by=\"avia_inline_auto\" id=\"style-css-av-av_section-0430dac87e95ed68a9109a1c9ddcca0f\">\n.avia-section.av-av_section-0430dac87e95ed68a9109a1c9ddcca0f{\nbackground-color:#0a0a0a;\nbackground-image:unset;\n}\n<\/style>\n<div id='av_section_1'  class='avia-section av-av_section-0430dac87e95ed68a9109a1c9ddcca0f main_color avia-section-default avia-no-shadow  avia-builder-el-0  el_before_av_textblock  avia-builder-el-first  avia-bg-style-scroll container_wrap sidebar_right'  ><div class='container av-section-cont-open' ><main  role=\"main\" itemprop=\"mainContentOfPage\"  class='template-page content  av-content-small alpha units'><div class='post-entry post-entry-type-page post-entry-2039'><div class='entry-content-wrapper clearfix'>\n<section  class='av_textblock_section av-av_textblock-2de302bf1aa3cf4c9157dbe6f50ac7eb '   itemscope=\"itemscope\" itemtype=\"https:\/\/schema.org\/BlogPosting\" itemprop=\"blogPost\" ><div class='avia_textblock'  itemprop=\"text\" ><h3 style=\"text-align: center\"><span style=\"font-size: 150%\"><a href=\"https:\/\/pielesprieto.es\/blog\/\"><span style=\"color: #ffffff\">BLOG DE PRIETO BARCELONA<\/span><\/a><\/span><\/h3>\n<h5 style=\"text-align: center\"><a href=\"https:\/\/pielesprieto.es\/blog\/\"><span style=\"color: #ffffff\">Totes les not\u00edcies de la marca i del sector de la pelleteria<\/span><\/a><\/h5>\n<\/div><\/section>\n<\/div><\/div><\/main><!-- close content main element --><\/div><\/div><div id='after_section_1'  class='main_color av_default_container_wrap container_wrap sidebar_right'  ><div class='container av-section-cont-open' ><div class='template-page content  av-content-small alpha units'><div class='post-entry post-entry-type-page post-entry-2039'><div class='entry-content-wrapper clearfix'>\n\n<style type=\"text\/css\" data-created_by=\"avia_inline_auto\" id=\"style-css-av-av_textblock-07d9ed8e88f936c1ae08938f46e74f2a\">\n#top .av_textblock_section.av-av_textblock-07d9ed8e88f936c1ae08938f46e74f2a .avia_textblock{\nfont-size:34px;\n}\n<\/style>\n<section  class='av_textblock_section av-av_textblock-07d9ed8e88f936c1ae08938f46e74f2a '   itemscope=\"itemscope\" itemtype=\"https:\/\/schema.org\/BlogPosting\" itemprop=\"blogPost\" ><div class='avia_textblock'  itemprop=\"text\" ><h1><strong>THEONEMILANO, LA CITA IMPRESCINDIBLE PEL SECTOR DE LA MODA I LA PELLETERIA<\/strong><\/h1>\n<\/div><\/section>\n\n<style type=\"text\/css\" data-created_by=\"avia_inline_auto\" id=\"style-css-av-av_hr-4fe7ca31632bc16a918f996b90394a4b\">\n#top .hr.hr-invisible.av-av_hr-4fe7ca31632bc16a918f996b90394a4b{\nheight:2px;\n}\n<\/style>\n<div  class='hr av-av_hr-4fe7ca31632bc16a918f996b90394a4b hr-invisible  avia-builder-el-3  el_after_av_textblock  el_before_av_textblock '><span class='hr-inner '><span class=\"hr-inner-style\"><\/span><\/span><\/div>\n\n<style type=\"text\/css\" data-created_by=\"avia_inline_auto\" id=\"style-css-av-av_textblock-2d38d47c6c21648893d1573789d1ca99\">\n#top .av_textblock_section.av-av_textblock-2d38d47c6c21648893d1573789d1ca99 .avia_textblock{\nfont-size:14px;\ncolor:#0a0a0a;\n}\n<\/style>\n<section  class='av_textblock_section av-av_textblock-2d38d47c6c21648893d1573789d1ca99 '   itemscope=\"itemscope\" itemtype=\"https:\/\/schema.org\/BlogPosting\" itemprop=\"blogPost\" ><div class='avia_textblock av_inherit_color'  itemprop=\"text\" ><h2 class=\"comop\"><strong>El passat cap de setmana, una part de l\u2019equip de PRIETO ha assistit a <a href=\"http:\/\/www.theonemilano.com\/en\/\" target=\"_blank\" rel=\"noopener\"><u>la fira TheOneMilano<\/u><\/a>, una espectacular exhibici\u00f3 que s\u2019ha celebrat a Milan del dia 23 al dia 26 de febrer. Aquesta fira acull una amplia varietat de productes de pell, p\u00e8l i t\u00e8xtil en un espai que uneix modernitat i tradici\u00f3. <\/strong><\/h2>\n<\/div><\/section>\n<section  class='av_textblock_section av-av_textblock-2de302bf1aa3cf4c9157dbe6f50ac7eb '   itemscope=\"itemscope\" itemtype=\"https:\/\/schema.org\/BlogPosting\" itemprop=\"blogPost\" ><div class='avia_textblock'  itemprop=\"text\" ><p>TheOneMilano \u00e9s la suma de MIPAP, l\u2019exhibici\u00f3 de pr\u00eat-\u00e0-porter organitzada per la Fira de Milan, i la incre\u00efble <a href=\"http:\/\/www.mifur.com\/home.asp\" target=\"_blank\" rel=\"noopener\"><u>fira MIFUR, la fira Internacional de pell i pelleteria organitzada per MiFUR Exhibition Organisation<\/u><\/a>. Aquesta forta suma converteix aquesta fira en <strong>un esdeveniment de gran rellev\u00e0ncia per tot el sector de la moda i especialment per el sector pelleter<\/strong>. El potencial d\u2019aquesta fira est\u00e0 en la capacitat de generar primers contactes entre compradores i empreses i fomentar la creaci\u00f3 de relacions s\u00f2lides.<\/p>\n<\/div><\/section>\n<section  class='av_textblock_section av-av_textblock-2de302bf1aa3cf4c9157dbe6f50ac7eb '   itemscope=\"itemscope\" itemtype=\"https:\/\/schema.org\/BlogPosting\" itemprop=\"blogPost\" ><div class='avia_textblock'  itemprop=\"text\" ><p>Com cada any, una part de l\u2019equip de PRIETO ha assistit a l\u2019exhibici\u00f3 per descobrir les \u00faltimes innovacions del sector i buscar noves oportunitats de negoci. El resultat d\u2019aquesta visita ha sigut molt positiu i esperem que es reflecteixi en la nostra pr\u00f2xima col\u00b7lecci\u00f3 de pelleteria. De moment, et podem avan\u00e7ar que per la pr\u00f2xima temporada introduirem nous materials i realitzarem arriscades combinacions de colors.<\/p>\n<\/div><\/section>\n\n<style type=\"text\/css\" data-created_by=\"avia_inline_auto\" id=\"style-css-av-av_hr-373523e22f0366b13a549278f1ad345e\">\n#top .hr.hr-invisible.av-av_hr-373523e22f0366b13a549278f1ad345e{\nheight:10px;\n}\n<\/style>\n<div  class='hr av-av_hr-373523e22f0366b13a549278f1ad345e hr-invisible  avia-builder-el-7  el_after_av_textblock  el_before_av_image '><span class='hr-inner '><span class=\"hr-inner-style\"><\/span><\/span><\/div>\n\n<style type=\"text\/css\" data-created_by=\"avia_inline_auto\" id=\"style-css-av-av_image-d9729709ae7105d7e946d8a6117d4609\">\n.avia-image-container.av-av_image-d9729709ae7105d7e946d8a6117d4609 img.avia_image{\nbox-shadow:none;\n}\n.avia-image-container.av-av_image-d9729709ae7105d7e946d8a6117d4609 .av-image-caption-overlay-center{\ncolor:#ffffff;\n}\n<\/style>\n<div  class='avia-image-container av-av_image-d9729709ae7105d7e946d8a6117d4609 av-styling- avia-align-center  avia-builder-el-8  el_after_av_hr  el_before_av_image '   itemprop=\"image\" itemscope=\"itemscope\" itemtype=\"https:\/\/schema.org\/ImageObject\" ><div class=\"avia-image-container-inner\"><div class=\"avia-image-overlay-wrap\"><img decoding=\"async\" class='wp-image-2028 avia-img-lazy-loading-not-2028 avia_image ' src=\"https:\/\/pielesprieto.es\/wp-content\/uploads\/2018\/02\/201802_MIFUR_01.jpg\" alt='Nicol\u00e1s Prieto en feria de peleter\u00eda TheOneMilano' title='Feria peleter\u00eda TheOneMilano'  height=\"660\" width=\"960\"  itemprop=\"thumbnailUrl\" srcset=\"https:\/\/pielesprieto.es\/wp-content\/uploads\/2018\/02\/201802_MIFUR_01.jpg 960w, https:\/\/pielesprieto.es\/wp-content\/uploads\/2018\/02\/201802_MIFUR_01-600x413.jpg 600w, https:\/\/pielesprieto.es\/wp-content\/uploads\/2018\/02\/201802_MIFUR_01-300x206.jpg 300w, https:\/\/pielesprieto.es\/wp-content\/uploads\/2018\/02\/201802_MIFUR_01-768x528.jpg 768w, https:\/\/pielesprieto.es\/wp-content\/uploads\/2018\/02\/201802_MIFUR_01-705x485.jpg 705w\" sizes=\"(max-width: 960px) 100vw, 960px\" \/><\/div><\/div><\/div>\n\n<style type=\"text\/css\" data-created_by=\"avia_inline_auto\" id=\"style-css-av-av_image-39be6063f8929868002852de30143141\">\n.avia-image-container.av-av_image-39be6063f8929868002852de30143141 img.avia_image{\nbox-shadow:none;\n}\n.avia-image-container.av-av_image-39be6063f8929868002852de30143141 .av-image-caption-overlay-center{\ncolor:#ffffff;\n}\n<\/style>\n<div  class='avia-image-container av-av_image-39be6063f8929868002852de30143141 av-styling- avia-align-center  avia-builder-el-9  el_after_av_image  el_before_av_hr '   itemprop=\"image\" itemscope=\"itemscope\" itemtype=\"https:\/\/schema.org\/ImageObject\" ><div class=\"avia-image-container-inner\"><div class=\"avia-image-overlay-wrap\"><img decoding=\"async\" class='wp-image-2032 avia-img-lazy-loading-not-2032 avia_image ' src=\"https:\/\/pielesprieto.es\/wp-content\/uploads\/2018\/02\/201802_MIFUR_02.jpg\" alt='Equipo Prieto en feria de Milano TheOneMilano' title='Chinchillas de feria peleter\u00eda TheOneMilano'  height=\"660\" width=\"960\"  itemprop=\"thumbnailUrl\" srcset=\"https:\/\/pielesprieto.es\/wp-content\/uploads\/2018\/02\/201802_MIFUR_02.jpg 960w, https:\/\/pielesprieto.es\/wp-content\/uploads\/2018\/02\/201802_MIFUR_02-600x413.jpg 600w, https:\/\/pielesprieto.es\/wp-content\/uploads\/2018\/02\/201802_MIFUR_02-300x206.jpg 300w, https:\/\/pielesprieto.es\/wp-content\/uploads\/2018\/02\/201802_MIFUR_02-768x528.jpg 768w, https:\/\/pielesprieto.es\/wp-content\/uploads\/2018\/02\/201802_MIFUR_02-705x485.jpg 705w\" sizes=\"(max-width: 960px) 100vw, 960px\" \/><\/div><\/div><\/div>\n\n<style type=\"text\/css\" data-created_by=\"avia_inline_auto\" id=\"style-css-av-av_hr-5d74ded74483867bcf4f6bb06a94fdee\">\n#top .hr.hr-invisible.av-av_hr-5d74ded74483867bcf4f6bb06a94fdee{\nheight:5px;\n}\n<\/style>\n<div  class='hr av-av_hr-5d74ded74483867bcf4f6bb06a94fdee hr-invisible  avia-builder-el-10  el_after_av_image  el_before_av_textblock '><span class='hr-inner '><span class=\"hr-inner-style\"><\/span><\/span><\/div>\n<section  class='av_textblock_section av-av_textblock-2de302bf1aa3cf4c9157dbe6f50ac7eb '   itemscope=\"itemscope\" itemtype=\"https:\/\/schema.org\/BlogPosting\" itemprop=\"blogPost\" ><div class='avia_textblock'  itemprop=\"text\" ><p>La temporada d\u2019hivern s\u2019ha acabat, per\u00f2 el treball no acaba, nosaltres ja hem comen\u00e7at a treballar en la pr\u00f2xima col\u00b7lecci\u00f3 de pelleteria de oto\u00f1o\/invierno per la temporada 2018-2019, estigues ben atent perqu\u00e8 t\u2019anirem ensenyant com avan\u00e7a el proc\u00e9s creatiu i de confecci\u00f3.<\/p>\n<\/div><\/section>\n\n<style type=\"text\/css\" data-created_by=\"avia_inline_auto\" id=\"style-css-av-av_hr-616cd310f4c6bf63bbd1f033802c1165\">\n#top .hr.hr-invisible.av-av_hr-616cd310f4c6bf63bbd1f033802c1165{\nheight:20px;\n}\n<\/style>\n<div  class='hr av-av_hr-616cd310f4c6bf63bbd1f033802c1165 hr-invisible  avia-builder-el-12  el_after_av_textblock  el_before_av_social_share '><span class='hr-inner '><span class=\"hr-inner-style\"><\/span><\/span><\/div>\n<div  class='av-social-sharing-box av-av_social_share-154f3c0b8d4df222b11bc43eeb2be2bc av-social-sharing-box-default  avia-builder-el-13  el_after_av_hr  el_before_av_hr  av-social-sharing-box-fullwidth'><div class=\"av-share-box\"><h5 class='av-share-link-description av-no-toc '>Compartir esta entrada:<\/h5><ul class=\"av-share-box-list noLightbox\"><li class='av-share-link av-social-link-facebook' ><a target=\"_blank\" aria-label=\"Compartir a Facebook\" href='https:\/\/www.facebook.com\/sharer.php?u=https:\/\/pielesprieto.es\/ca\/fira-sector-pelleter-theonemilano\/&#038;t=TheOneMilano%2C%20la%20cita%20imprescindible%20pel%20sector%20de%20la%20moda%20i%20la%20pelleteria' aria-hidden='false' data-av_icon='\ue8f3' data-av_iconfont='entypo-fontello' title='' data-avia-related-tooltip='Compartir a Facebook' rel=\"noopener\"><span class='avia_hidden_link_text'>Compartir a Facebook<\/span><\/a><\/li><li class='av-share-link av-social-link-twitter' ><a target=\"_blank\" aria-label=\"Compartir a Twitter\" href='https:\/\/twitter.com\/share?text=TheOneMilano%2C%20la%20cita%20imprescindible%20pel%20sector%20de%20la%20moda%20i%20la%20pelleteria&#038;url=https:\/\/pielesprieto.es\/ca\/?p=2039' aria-hidden='false' data-av_icon='\ue8f1' data-av_iconfont='entypo-fontello' title='' data-avia-related-tooltip='Compartir a Twitter' rel=\"noopener\"><span class='avia_hidden_link_text'>Compartir a Twitter<\/span><\/a><\/li><li class='av-share-link av-social-link-whatsapp' ><a target=\"_blank\" aria-label=\"Share on WhatsApp\" href='https:\/\/api.whatsapp.com\/send?text=https:\/\/pielesprieto.es\/ca\/fira-sector-pelleter-theonemilano\/' aria-hidden='false' data-av_icon='\uf232' data-av_iconfont='entypo-fontello' title='' data-avia-related-tooltip='Share on WhatsApp' rel=\"noopener\"><span class='avia_hidden_link_text'>Share on WhatsApp<\/span><\/a><\/li><li class='av-share-link av-social-link-mail' ><a  aria-label=\"Compartir per correu\" href='mailto:?subject=TheOneMilano%2C%20la%20cita%20imprescindible%20pel%20sector%20de%20la%20moda%20i%20la%20pelleteria&#038;body=https:\/\/pielesprieto.es\/ca\/fira-sector-pelleter-theonemilano\/' aria-hidden='false' data-av_icon='\ue805' data-av_iconfont='entypo-fontello' title='' data-avia-related-tooltip='Compartir per correu'><span class='avia_hidden_link_text'>Compartir per correu<\/span><\/a><\/li><\/ul><\/div><\/div>\n\n<style type=\"text\/css\" data-created_by=\"avia_inline_auto\" id=\"style-css-av-av_hr-616cd310f4c6bf63bbd1f033802c1165\">\n#top .hr.hr-invisible.av-av_hr-616cd310f4c6bf63bbd1f033802c1165{\nheight:20px;\n}\n<\/style>\n<div  class='hr av-av_hr-616cd310f4c6bf63bbd1f033802c1165 hr-invisible  avia-builder-el-14  el_after_av_social_share  el_before_av_comments_list '><span class='hr-inner '><span class=\"hr-inner-style\"><\/span><\/span><\/div>\n<div  class='av-buildercomment av-av_comments_list-88ce68e426f11248fa394058a3de040f  av-blog-meta-author-disabled av-blog-meta-comments-disabled av-blog-meta-category-disabled av-blog-meta-html-info-disabled av-blog-meta-tag-disabled'><\/div>\n","protected":false},"excerpt":{"rendered":"","protected":false},"author":2,"featured_media":2028,"comment_status":"closed","ping_status":"open","sticky":false,"template":"","format":"standard","meta":[],"categories":[45,43],"tags":[397,82,86,63,367,370,70,398],"yoast_head":"<!-- This site is optimized with the Yoast SEO plugin v20.9 - https:\/\/yoast.com\/wordpress\/plugins\/seo\/ -->\n<title>TheOneMilano, la cita imprescindible pel sector pelleter | Prieto Barcelona<\/title>\n<meta name=\"description\" content=\"El passat cap de setmana l&#039;equip de la pelleteria Prieto va assistir a la fira de moda i pelleteria TheOneMilano per descobrir les \u00faltimes tend\u00e8ncies.\" \/>\n<meta name=\"robots\" content=\"index, follow, max-snippet:-1, max-image-preview:large, max-video-preview:-1\" \/>\n<link rel=\"canonical\" href=\"https:\/\/pielesprieto.es\/ca\/fira-sector-pelleter-theonemilano\/\" \/>\n<meta property=\"og:locale\" content=\"ca_ES\" \/>\n<meta property=\"og:type\" content=\"article\" \/>\n<meta property=\"og:title\" content=\"TheOneMilano, la cita imprescindible pel sector pelleter | Prieto Barcelona\" \/>\n<meta property=\"og:description\" content=\"El passat cap de setmana l&#039;equip de la pelleteria Prieto va assistir a la fira de moda i pelleteria TheOneMilano per descobrir les \u00faltimes tend\u00e8ncies.\" \/>\n<meta property=\"og:url\" content=\"https:\/\/pielesprieto.es\/ca\/fira-sector-pelleter-theonemilano\/\" \/>\n<meta property=\"og:site_name\" content=\"Pieles Prieto\" \/>\n<meta property=\"article:publisher\" content=\"https:\/\/www.facebook.com\/pielesprietobarcelona\/\" \/>\n<meta property=\"article:published_time\" content=\"2018-02-27T11:07:07+00:00\" \/>\n<meta property=\"article:modified_time\" content=\"2019-11-26T13:16:12+00:00\" \/>\n<meta property=\"og:image\" content=\"https:\/\/pielesprieto.es\/wp-content\/uploads\/2018\/02\/201802_MIFUR_01.jpg\" \/>\n\t<meta property=\"og:image:width\" content=\"960\" \/>\n\t<meta property=\"og:image:height\" content=\"660\" \/>\n\t<meta property=\"og:image:type\" content=\"image\/jpeg\" \/>\n<meta name=\"author\" content=\"pp-administrador\" \/>\n<meta name=\"twitter:card\" content=\"summary_large_image\" \/>\n<meta name=\"twitter:creator\" content=\"@PielesPrieto\" \/>\n<meta name=\"twitter:site\" content=\"@PielesPrieto\" \/>\n<meta name=\"twitter:label1\" content=\"Escrit per\" \/>\n\t<meta name=\"twitter:data1\" content=\"pp-administrador\" \/>\n\t<meta name=\"twitter:label2\" content=\"Temps estimat de lectura\" \/>\n\t<meta name=\"twitter:data2\" content=\"4 minuts\" \/>\n<script type=\"application\/ld+json\" class=\"yoast-schema-graph\">{\"@context\":\"https:\/\/schema.org\",\"@graph\":[{\"@type\":\"WebPage\",\"@id\":\"https:\/\/pielesprieto.es\/ca\/fira-sector-pelleter-theonemilano\/\",\"url\":\"https:\/\/pielesprieto.es\/ca\/fira-sector-pelleter-theonemilano\/\",\"name\":\"TheOneMilano, la cita imprescindible pel sector pelleter | Prieto Barcelona\",\"isPartOf\":{\"@id\":\"https:\/\/pielesprieto.es\/#website\"},\"datePublished\":\"2018-02-27T11:07:07+00:00\",\"dateModified\":\"2019-11-26T13:16:12+00:00\",\"author\":{\"@id\":\"https:\/\/pielesprieto.es\/#\/schema\/person\/4aaf000877c5e8415630ee8b3e7a0bdf\"},\"description\":\"El passat cap de setmana l'equip de la pelleteria Prieto va assistir a la fira de moda i pelleteria TheOneMilano per descobrir les \u00faltimes tend\u00e8ncies.\",\"breadcrumb\":{\"@id\":\"https:\/\/pielesprieto.es\/ca\/fira-sector-pelleter-theonemilano\/#breadcrumb\"},\"inLanguage\":\"ca\",\"potentialAction\":[{\"@type\":\"ReadAction\",\"target\":[\"https:\/\/pielesprieto.es\/ca\/fira-sector-pelleter-theonemilano\/\"]}]},{\"@type\":\"BreadcrumbList\",\"@id\":\"https:\/\/pielesprieto.es\/ca\/fira-sector-pelleter-theonemilano\/#breadcrumb\",\"itemListElement\":[{\"@type\":\"ListItem\",\"position\":1,\"name\":\"Portada\",\"item\":\"https:\/\/pielesprieto.es\/ca\/inici\/\"},{\"@type\":\"ListItem\",\"position\":2,\"name\":\"TheOneMilano, la cita imprescindible pel sector de la moda i la pelleteria\"}]},{\"@type\":\"WebSite\",\"@id\":\"https:\/\/pielesprieto.es\/#website\",\"url\":\"https:\/\/pielesprieto.es\/\",\"name\":\"Pieles Prieto\",\"description\":\"Pieles Prieto\",\"potentialAction\":[{\"@type\":\"SearchAction\",\"target\":{\"@type\":\"EntryPoint\",\"urlTemplate\":\"https:\/\/pielesprieto.es\/?s={search_term_string}\"},\"query-input\":\"required name=search_term_string\"}],\"inLanguage\":\"ca\"},{\"@type\":\"Person\",\"@id\":\"https:\/\/pielesprieto.es\/#\/schema\/person\/4aaf000877c5e8415630ee8b3e7a0bdf\",\"name\":\"pp-administrador\",\"url\":\"https:\/\/pielesprieto.es\/ca\/author\/pp-administrador\/\"}]}<\/script>\n<!-- \/ Yoast SEO plugin. -->","yoast_head_json":{"title":"TheOneMilano, la cita imprescindible pel sector pelleter | Prieto Barcelona","description":"El passat cap de setmana l'equip de la pelleteria Prieto va assistir a la fira de moda i pelleteria TheOneMilano per descobrir les \u00faltimes tend\u00e8ncies.","robots":{"index":"index","follow":"follow","max-snippet":"max-snippet:-1","max-image-preview":"max-image-preview:large","max-video-preview":"max-video-preview:-1"},"canonical":"https:\/\/pielesprieto.es\/ca\/fira-sector-pelleter-theonemilano\/","og_locale":"ca_ES","og_type":"article","og_title":"TheOneMilano, la cita imprescindible pel sector pelleter | Prieto Barcelona","og_description":"El passat cap de setmana l'equip de la pelleteria Prieto va assistir a la fira de moda i pelleteria TheOneMilano per descobrir les \u00faltimes tend\u00e8ncies.","og_url":"https:\/\/pielesprieto.es\/ca\/fira-sector-pelleter-theonemilano\/","og_site_name":"Pieles Prieto","article_publisher":"https:\/\/www.facebook.com\/pielesprietobarcelona\/","article_published_time":"2018-02-27T11:07:07+00:00","article_modified_time":"2019-11-26T13:16:12+00:00","og_image":[{"width":960,"height":660,"url":"https:\/\/pielesprieto.es\/wp-content\/uploads\/2018\/02\/201802_MIFUR_01.jpg","type":"image\/jpeg"}],"author":"pp-administrador","twitter_card":"summary_large_image","twitter_creator":"@PielesPrieto","twitter_site":"@PielesPrieto","twitter_misc":{"Escrit per":"pp-administrador","Temps estimat de lectura":"4 minuts"},"schema":{"@context":"https:\/\/schema.org","@graph":[{"@type":"WebPage","@id":"https:\/\/pielesprieto.es\/ca\/fira-sector-pelleter-theonemilano\/","url":"https:\/\/pielesprieto.es\/ca\/fira-sector-pelleter-theonemilano\/","name":"TheOneMilano, la cita imprescindible pel sector pelleter | Prieto Barcelona","isPartOf":{"@id":"https:\/\/pielesprieto.es\/#website"},"datePublished":"2018-02-27T11:07:07+00:00","dateModified":"2019-11-26T13:16:12+00:00","author":{"@id":"https:\/\/pielesprieto.es\/#\/schema\/person\/4aaf000877c5e8415630ee8b3e7a0bdf"},"description":"El passat cap de setmana l'equip de la pelleteria Prieto va assistir a la fira de moda i pelleteria TheOneMilano per descobrir les \u00faltimes tend\u00e8ncies.","breadcrumb":{"@id":"https:\/\/pielesprieto.es\/ca\/fira-sector-pelleter-theonemilano\/#breadcrumb"},"inLanguage":"ca","potentialAction":[{"@type":"ReadAction","target":["https:\/\/pielesprieto.es\/ca\/fira-sector-pelleter-theonemilano\/"]}]},{"@type":"BreadcrumbList","@id":"https:\/\/pielesprieto.es\/ca\/fira-sector-pelleter-theonemilano\/#breadcrumb","itemListElement":[{"@type":"ListItem","position":1,"name":"Portada","item":"https:\/\/pielesprieto.es\/ca\/inici\/"},{"@type":"ListItem","position":2,"name":"TheOneMilano, la cita imprescindible pel sector de la moda i la pelleteria"}]},{"@type":"WebSite","@id":"https:\/\/pielesprieto.es\/#website","url":"https:\/\/pielesprieto.es\/","name":"Pieles Prieto","description":"Pieles Prieto","potentialAction":[{"@type":"SearchAction","target":{"@type":"EntryPoint","urlTemplate":"https:\/\/pielesprieto.es\/?s={search_term_string}"},"query-input":"required name=search_term_string"}],"inLanguage":"ca"},{"@type":"Person","@id":"https:\/\/pielesprieto.es\/#\/schema\/person\/4aaf000877c5e8415630ee8b3e7a0bdf","name":"pp-administrador","url":"https:\/\/pielesprieto.es\/ca\/author\/pp-administrador\/"}]}},"_links":{"self":[{"href":"https:\/\/pielesprieto.es\/ca\/wp-json\/wp\/v2\/posts\/2039"}],"collection":[{"href":"https:\/\/pielesprieto.es\/ca\/wp-json\/wp\/v2\/posts"}],"about":[{"href":"https:\/\/pielesprieto.es\/ca\/wp-json\/wp\/v2\/types\/post"}],"author":[{"embeddable":true,"href":"https:\/\/pielesprieto.es\/ca\/wp-json\/wp\/v2\/users\/2"}],"replies":[{"embeddable":true,"href":"https:\/\/pielesprieto.es\/ca\/wp-json\/wp\/v2\/comments?post=2039"}],"version-history":[{"count":7,"href":"https:\/\/pielesprieto.es\/ca\/wp-json\/wp\/v2\/posts\/2039\/revisions"}],"predecessor-version":[{"id":5116,"href":"https:\/\/pielesprieto.es\/ca\/wp-json\/wp\/v2\/posts\/2039\/revisions\/5116"}],"wp:featuredmedia":[{"embeddable":true,"href":"https:\/\/pielesprieto.es\/ca\/wp-json\/wp\/v2\/media\/2028"}],"wp:attachment":[{"href":"https:\/\/pielesprieto.es\/ca\/wp-json\/wp\/v2\/media?parent=2039"}],"wp:term":[{"taxonomy":"category","embeddable":true,"href":"https:\/\/pielesprieto.es\/ca\/wp-json\/wp\/v2\/categories?post=2039"},{"taxonomy":"post_tag","embeddable":true,"href":"https:\/\/pielesprieto.es\/ca\/wp-json\/wp\/v2\/tags?post=2039"}],"curies":[{"name":"wp","href":"https:\/\/api.w.org\/{rel}","templated":true}]}}