{"id":1809,"date":"2018-02-02T20:00:46","date_gmt":"2018-02-02T18:00:46","guid":{"rendered":"https:\/\/pielesprieto.es\/?p=1809"},"modified":"2019-11-27T12:06:36","modified_gmt":"2019-11-27T10:06:36","slug":"consell-article-pell-aigua","status":"publish","type":"post","link":"https:\/\/pielesprieto.es\/ca\/consell-article-pell-aigua\/","title":{"rendered":"\u00bfQu\u00e8 faig si es mulla el meu article de pell?"},"content":{"rendered":"\n<style type=\"text\/css\" data-created_by=\"avia_inline_auto\" id=\"style-css-av-av_section-0430dac87e95ed68a9109a1c9ddcca0f\">\n.avia-section.av-av_section-0430dac87e95ed68a9109a1c9ddcca0f{\nbackground-color:#0a0a0a;\nbackground-image:unset;\n}\n<\/style>\n<div id='av_section_1'  class='avia-section av-av_section-0430dac87e95ed68a9109a1c9ddcca0f main_color avia-section-default avia-no-shadow  avia-builder-el-0  el_before_av_textblock  avia-builder-el-first  avia-bg-style-scroll container_wrap sidebar_right'  ><div class='container av-section-cont-open' ><main  role=\"main\" itemprop=\"mainContentOfPage\"  class='template-page content  av-content-small alpha units'><div class='post-entry post-entry-type-page post-entry-1809'><div class='entry-content-wrapper clearfix'>\n<section  class='av_textblock_section av-av_textblock-2de302bf1aa3cf4c9157dbe6f50ac7eb '   itemscope=\"itemscope\" itemtype=\"https:\/\/schema.org\/BlogPosting\" itemprop=\"blogPost\" ><div class='avia_textblock'  itemprop=\"text\" ><h3 style=\"text-align: center\"><span style=\"font-size: 150%\"><a href=\"https:\/\/pielesprieto.es\/ca\/blog\/\"><span style=\"color: #ffffff\">BLOG DE PRIETO BARCELONA<\/span><\/a><\/span><\/h3>\n<h5 style=\"text-align: center\"><a href=\"https:\/\/pielesprieto.es\/ca\/blog\/\"><span style=\"color: #ffffff\">Totes les not\u00edcies de la marca i del sector de la pelleteria..<\/span><\/a><\/h5>\n<\/div><\/section>\n<\/div><\/div><\/main><!-- close content main element --><\/div><\/div><div id='after_section_1'  class='main_color av_default_container_wrap container_wrap sidebar_right'  ><div class='container av-section-cont-open' ><div class='template-page content  av-content-small alpha units'><div class='post-entry post-entry-type-page post-entry-1809'><div class='entry-content-wrapper clearfix'>\n\n<style type=\"text\/css\" data-created_by=\"avia_inline_auto\" id=\"style-css-av-av_textblock-07d9ed8e88f936c1ae08938f46e74f2a\">\n#top .av_textblock_section.av-av_textblock-07d9ed8e88f936c1ae08938f46e74f2a .avia_textblock{\nfont-size:34px;\n}\n<\/style>\n<section  class='av_textblock_section av-av_textblock-07d9ed8e88f936c1ae08938f46e74f2a '   itemscope=\"itemscope\" itemtype=\"https:\/\/schema.org\/BlogPosting\" itemprop=\"blogPost\" ><div class='avia_textblock'  itemprop=\"text\" ><h1><strong>QU\u00c8 FAIG SI ES MULLA EL MEU ARTICLE DE PELL?<\/strong><\/h1>\n<\/div><\/section>\n\n<style type=\"text\/css\" data-created_by=\"avia_inline_auto\" id=\"style-css-av-av_hr-4fe7ca31632bc16a918f996b90394a4b\">\n#top .hr.hr-invisible.av-av_hr-4fe7ca31632bc16a918f996b90394a4b{\nheight:2px;\n}\n<\/style>\n<div  class='hr av-av_hr-4fe7ca31632bc16a918f996b90394a4b hr-invisible  avia-builder-el-3  el_after_av_textblock  el_before_av_textblock '><span class='hr-inner '><span class=\"hr-inner-style\"><\/span><\/span><\/div>\n\n<style type=\"text\/css\" data-created_by=\"avia_inline_auto\" id=\"style-css-av-av_textblock-2d38d47c6c21648893d1573789d1ca99\">\n#top .av_textblock_section.av-av_textblock-2d38d47c6c21648893d1573789d1ca99 .avia_textblock{\nfont-size:14px;\ncolor:#0a0a0a;\n}\n<\/style>\n<section  class='av_textblock_section av-av_textblock-2d38d47c6c21648893d1573789d1ca99 '   itemscope=\"itemscope\" itemtype=\"https:\/\/schema.org\/BlogPosting\" itemprop=\"blogPost\" ><div class='avia_textblock av_inherit_color'  itemprop=\"text\" ><h2 class=\"comop\"><strong>Una pregunta recorrent entre els nostres clientes \u00e9s si els articles de pell i pelleteria es poden mullar. Avui dedicarem aquest post a resoldre aquest dubte i donar alguns consells per actuar correctament en aquests casos. <\/strong><\/h2>\n<\/div><\/section>\n\n<style type=\"text\/css\" data-created_by=\"avia_inline_auto\" id=\"style-css-av-av_hr-373523e22f0366b13a549278f1ad345e\">\n#top .hr.hr-invisible.av-av_hr-373523e22f0366b13a549278f1ad345e{\nheight:10px;\n}\n<\/style>\n<div  class='hr av-av_hr-373523e22f0366b13a549278f1ad345e hr-invisible  avia-builder-el-5  el_after_av_textblock  el_before_av_image '><span class='hr-inner '><span class=\"hr-inner-style\"><\/span><\/span><\/div>\n\n<style type=\"text\/css\" data-created_by=\"avia_inline_auto\" id=\"style-css-av-av_image-b6d0abb0247457d88c4de07e6e56492d\">\n.avia-image-container.av-av_image-b6d0abb0247457d88c4de07e6e56492d img.avia_image{\nbox-shadow:none;\n}\n.avia-image-container.av-av_image-b6d0abb0247457d88c4de07e6e56492d .av-image-caption-overlay-center{\ncolor:#ffffff;\n}\n<\/style>\n<div  class='avia-image-container av-av_image-b6d0abb0247457d88c4de07e6e56492d av-styling- avia-align-center  avia-builder-el-6  el_after_av_hr  el_before_av_hr '   itemprop=\"image\" itemscope=\"itemscope\" itemtype=\"https:\/\/schema.org\/ImageObject\" ><div class=\"avia-image-container-inner\"><div class=\"avia-image-overlay-wrap\"><img decoding=\"async\" class='wp-image-1797 avia-img-lazy-loading-not-1797 avia_image ' src=\"https:\/\/pielesprieto.es\/wp-content\/uploads\/2018\/02\/201802_LLUVIA.jpg\" alt='Agua o l\u00edquidos con prenda de piel' title='Consejo para la lluvia abrigos de piel'  height=\"660\" width=\"960\"  itemprop=\"thumbnailUrl\" srcset=\"https:\/\/pielesprieto.es\/wp-content\/uploads\/2018\/02\/201802_LLUVIA.jpg 960w, https:\/\/pielesprieto.es\/wp-content\/uploads\/2018\/02\/201802_LLUVIA-600x413.jpg 600w\" sizes=\"(max-width: 960px) 100vw, 960px\" \/><\/div><\/div><\/div>\n\n<style type=\"text\/css\" data-created_by=\"avia_inline_auto\" id=\"style-css-av-av_hr-5d74ded74483867bcf4f6bb06a94fdee\">\n#top .hr.hr-invisible.av-av_hr-5d74ded74483867bcf4f6bb06a94fdee{\nheight:5px;\n}\n<\/style>\n<div  class='hr av-av_hr-5d74ded74483867bcf4f6bb06a94fdee hr-invisible  avia-builder-el-7  el_after_av_image  el_before_av_textblock '><span class='hr-inner '><span class=\"hr-inner-style\"><\/span><\/span><\/div>\n<section  class='av_textblock_section av-av_textblock-2de302bf1aa3cf4c9157dbe6f50ac7eb '   itemscope=\"itemscope\" itemtype=\"https:\/\/schema.org\/BlogPosting\" itemprop=\"blogPost\" ><div class='avia_textblock'  itemprop=\"text\" ><p>El primer que hem de saber \u00e9s que <strong>l\u2019aigua no \u00e9s recomanable pels nostres articles de pell<\/strong>. Per tant, el nostre primer consell \u00e9s evitar, en la mesura que sigui possible, que els nostres productes de pell es mullin.<\/p>\n<p>Tanmateix, entenem que a vegades aix\u00f2 pot ser inevitable, per exemple ens podem trobar amb una tempesta inesperada. La forma d\u2019actuar en aquests casos dependr\u00e0 de la quantitat d\u2019aigua que li hagi caigut a l\u2019article.<\/p>\n<p><strong>Si el producte de pell nom\u00e9s s\u2019ha mullat una mica, us aconsellem que el sacsegeu per treure l\u2019aigua superficial i el pengeu a un lloc ben ventilat fins que s\u2019assequi<\/strong>. No es recomanable utilitzar ventiladors artificials per assecar la pell, \u00e9s preferible deixar que aquesta s\u2019assequi poc a poc de forma natural.<\/p>\n<p>El problema apareix quan la pe\u00e7a s\u2019amara i l\u2019aigua arriba al cuir. En aquests casos, i depenent de la qualitat de la pell i de com estigui adobada, <strong>l\u2019aigua pot afectar al cuir fins a destrossar per complet l\u2019article<\/strong>. Per aquest motiu, si et passa aix\u00f2 amb una de les peces<strong>, et recomanem que la portis r\u00e0pidament a la teva pelleteria de confian\u00e7a<\/strong> perqu\u00e8 un expert la revisi i t\u2019indiqui quina \u00e9s la millor soluci\u00f3.<\/p>\n<p>Finalment, \u00e9s important recordar que els processos de confecci\u00f3 i el manteniment d\u2019un article de pell \u00e9s diferent al d\u2019un article t\u00e8xtil i que per tant, sempre que tinguis algun dubte sobre una pe\u00e7a de pell o pelleteria,<strong> <a href=\"https:\/\/pielesprieto.es\/ca\/contacte\/\" target=\"_blank\" rel=\"noopener\"><u>t\u2019aconsellem que contactis amb un expert en la mat\u00e8ria<\/u><\/a>.<\/strong><\/p>\n<\/div><\/section>\n\n<style type=\"text\/css\" data-created_by=\"avia_inline_auto\" id=\"style-css-av-av_hr-616cd310f4c6bf63bbd1f033802c1165\">\n#top .hr.hr-invisible.av-av_hr-616cd310f4c6bf63bbd1f033802c1165{\nheight:20px;\n}\n<\/style>\n<div  class='hr av-av_hr-616cd310f4c6bf63bbd1f033802c1165 hr-invisible  avia-builder-el-9  el_after_av_textblock  el_before_av_social_share '><span class='hr-inner '><span class=\"hr-inner-style\"><\/span><\/span><\/div>\n<div  class='av-social-sharing-box av-av_social_share-154f3c0b8d4df222b11bc43eeb2be2bc av-social-sharing-box-default  avia-builder-el-10  el_after_av_hr  el_before_av_hr  av-social-sharing-box-fullwidth'><div class=\"av-share-box\"><h5 class='av-share-link-description av-no-toc '>Compartir esta entrada:<\/h5><ul class=\"av-share-box-list noLightbox\"><li class='av-share-link av-social-link-facebook' ><a target=\"_blank\" aria-label=\"Compartir a Facebook\" href='https:\/\/www.facebook.com\/sharer.php?u=https:\/\/pielesprieto.es\/ca\/consell-article-pell-aigua\/&#038;t=%C2%BFQu%C3%A8%20faig%20si%20es%20mulla%20el%20meu%20article%20de%20pell%3F' aria-hidden='false' data-av_icon='\ue8f3' data-av_iconfont='entypo-fontello' title='' data-avia-related-tooltip='Compartir a Facebook' rel=\"noopener\"><span class='avia_hidden_link_text'>Compartir a Facebook<\/span><\/a><\/li><li class='av-share-link av-social-link-twitter' ><a target=\"_blank\" aria-label=\"Compartir a Twitter\" href='https:\/\/twitter.com\/share?text=%C2%BFQu%C3%A8%20faig%20si%20es%20mulla%20el%20meu%20article%20de%20pell%3F&#038;url=https:\/\/pielesprieto.es\/ca\/?p=1809' aria-hidden='false' data-av_icon='\ue8f1' data-av_iconfont='entypo-fontello' title='' data-avia-related-tooltip='Compartir a Twitter' rel=\"noopener\"><span class='avia_hidden_link_text'>Compartir a Twitter<\/span><\/a><\/li><li class='av-share-link av-social-link-whatsapp' ><a target=\"_blank\" aria-label=\"Share on WhatsApp\" href='https:\/\/api.whatsapp.com\/send?text=https:\/\/pielesprieto.es\/ca\/consell-article-pell-aigua\/' aria-hidden='false' data-av_icon='\uf232' data-av_iconfont='entypo-fontello' title='' data-avia-related-tooltip='Share on WhatsApp' rel=\"noopener\"><span class='avia_hidden_link_text'>Share on WhatsApp<\/span><\/a><\/li><li class='av-share-link av-social-link-mail' ><a  aria-label=\"Compartir per correu\" href='mailto:?subject=%C2%BFQu%C3%A8%20faig%20si%20es%20mulla%20el%20meu%20article%20de%20pell%3F&#038;body=https:\/\/pielesprieto.es\/ca\/consell-article-pell-aigua\/' aria-hidden='false' data-av_icon='\ue805' data-av_iconfont='entypo-fontello' title='' data-avia-related-tooltip='Compartir per correu'><span class='avia_hidden_link_text'>Compartir per correu<\/span><\/a><\/li><\/ul><\/div><\/div>\n\n<style type=\"text\/css\" data-created_by=\"avia_inline_auto\" id=\"style-css-av-av_hr-616cd310f4c6bf63bbd1f033802c1165\">\n#top .hr.hr-invisible.av-av_hr-616cd310f4c6bf63bbd1f033802c1165{\nheight:20px;\n}\n<\/style>\n<div  class='hr av-av_hr-616cd310f4c6bf63bbd1f033802c1165 hr-invisible  avia-builder-el-11  el_after_av_social_share  el_before_av_comments_list '><span class='hr-inner '><span class=\"hr-inner-style\"><\/span><\/span><\/div>\n<div  class='av-buildercomment av-av_comments_list-88ce68e426f11248fa394058a3de040f  av-blog-meta-author-disabled av-blog-meta-comments-disabled av-blog-meta-category-disabled av-blog-meta-html-info-disabled av-blog-meta-tag-disabled'><\/div>\n","protected":false},"excerpt":{"rendered":"","protected":false},"author":2,"featured_media":1801,"comment_status":"closed","ping_status":"open","sticky":false,"template":"","format":"standard","meta":[],"categories":[42],"tags":[53,392,65,367,68,391,376],"yoast_head":"<!-- This site is optimized with the Yoast SEO plugin v20.9 - https:\/\/yoast.com\/wordpress\/plugins\/seo\/ -->\n<title>\u00bfQu\u00e8 faig si es mulla el meu article de pell? | Prieto Barcelona<\/title>\n<meta name=\"description\" content=\"En aquest post l\u2019expliquem si els articles de pell i pelleteria es poden mullar i et donem un consells per actuar correctament en aquests casos.\" \/>\n<meta name=\"robots\" content=\"index, follow, max-snippet:-1, max-image-preview:large, max-video-preview:-1\" \/>\n<link rel=\"canonical\" href=\"https:\/\/pielesprieto.es\/ca\/consell-article-pell-aigua\/\" \/>\n<meta property=\"og:locale\" content=\"ca_ES\" \/>\n<meta property=\"og:type\" content=\"article\" \/>\n<meta property=\"og:title\" content=\"\u00bfQu\u00e8 faig si es mulla el meu article de pell? | Prieto Barcelona\" \/>\n<meta property=\"og:description\" content=\"En aquest post l\u2019expliquem si els articles de pell i pelleteria es poden mullar i et donem un consells per actuar correctament en aquests casos.\" \/>\n<meta property=\"og:url\" content=\"https:\/\/pielesprieto.es\/ca\/consell-article-pell-aigua\/\" \/>\n<meta property=\"og:site_name\" content=\"Pieles Prieto\" \/>\n<meta property=\"article:publisher\" content=\"https:\/\/www.facebook.com\/pielesprietobarcelona\/\" \/>\n<meta property=\"article:published_time\" content=\"2018-02-02T18:00:46+00:00\" \/>\n<meta property=\"article:modified_time\" content=\"2019-11-27T10:06:36+00:00\" \/>\n<meta property=\"og:image\" content=\"https:\/\/pielesprieto.es\/wp-content\/uploads\/2018\/02\/pexels-photo-268791.jpeg\" \/>\n\t<meta property=\"og:image:width\" content=\"5500\" \/>\n\t<meta property=\"og:image:height\" content=\"3094\" \/>\n\t<meta property=\"og:image:type\" content=\"image\/jpeg\" \/>\n<meta name=\"author\" content=\"pp-administrador\" \/>\n<meta name=\"twitter:card\" content=\"summary_large_image\" \/>\n<meta name=\"twitter:creator\" content=\"@PielesPrieto\" \/>\n<meta name=\"twitter:site\" content=\"@PielesPrieto\" \/>\n<meta name=\"twitter:label1\" content=\"Escrit per\" \/>\n\t<meta name=\"twitter:data1\" content=\"pp-administrador\" \/>\n\t<meta name=\"twitter:label2\" content=\"Temps estimat de lectura\" \/>\n\t<meta name=\"twitter:data2\" content=\"4 minuts\" \/>\n<script type=\"application\/ld+json\" class=\"yoast-schema-graph\">{\"@context\":\"https:\/\/schema.org\",\"@graph\":[{\"@type\":\"WebPage\",\"@id\":\"https:\/\/pielesprieto.es\/ca\/consell-article-pell-aigua\/\",\"url\":\"https:\/\/pielesprieto.es\/ca\/consell-article-pell-aigua\/\",\"name\":\"\u00bfQu\u00e8 faig si es mulla el meu article de pell? | Prieto Barcelona\",\"isPartOf\":{\"@id\":\"https:\/\/pielesprieto.es\/#website\"},\"datePublished\":\"2018-02-02T18:00:46+00:00\",\"dateModified\":\"2019-11-27T10:06:36+00:00\",\"author\":{\"@id\":\"https:\/\/pielesprieto.es\/#\/schema\/person\/4aaf000877c5e8415630ee8b3e7a0bdf\"},\"description\":\"En aquest post l\u2019expliquem si els articles de pell i pelleteria es poden mullar i et donem un consells per actuar correctament en aquests casos.\",\"breadcrumb\":{\"@id\":\"https:\/\/pielesprieto.es\/ca\/consell-article-pell-aigua\/#breadcrumb\"},\"inLanguage\":\"ca\",\"potentialAction\":[{\"@type\":\"ReadAction\",\"target\":[\"https:\/\/pielesprieto.es\/ca\/consell-article-pell-aigua\/\"]}]},{\"@type\":\"BreadcrumbList\",\"@id\":\"https:\/\/pielesprieto.es\/ca\/consell-article-pell-aigua\/#breadcrumb\",\"itemListElement\":[{\"@type\":\"ListItem\",\"position\":1,\"name\":\"Portada\",\"item\":\"https:\/\/pielesprieto.es\/ca\/inici\/\"},{\"@type\":\"ListItem\",\"position\":2,\"name\":\"\u00bfQu\u00e8 faig si es mulla el meu article de pell?\"}]},{\"@type\":\"WebSite\",\"@id\":\"https:\/\/pielesprieto.es\/#website\",\"url\":\"https:\/\/pielesprieto.es\/\",\"name\":\"Pieles Prieto\",\"description\":\"Pieles Prieto\",\"potentialAction\":[{\"@type\":\"SearchAction\",\"target\":{\"@type\":\"EntryPoint\",\"urlTemplate\":\"https:\/\/pielesprieto.es\/?s={search_term_string}\"},\"query-input\":\"required name=search_term_string\"}],\"inLanguage\":\"ca\"},{\"@type\":\"Person\",\"@id\":\"https:\/\/pielesprieto.es\/#\/schema\/person\/4aaf000877c5e8415630ee8b3e7a0bdf\",\"name\":\"pp-administrador\",\"url\":\"https:\/\/pielesprieto.es\/ca\/author\/pp-administrador\/\"}]}<\/script>\n<!-- \/ Yoast SEO plugin. -->","yoast_head_json":{"title":"\u00bfQu\u00e8 faig si es mulla el meu article de pell? | Prieto Barcelona","description":"En aquest post l\u2019expliquem si els articles de pell i pelleteria es poden mullar i et donem un consells per actuar correctament en aquests casos.","robots":{"index":"index","follow":"follow","max-snippet":"max-snippet:-1","max-image-preview":"max-image-preview:large","max-video-preview":"max-video-preview:-1"},"canonical":"https:\/\/pielesprieto.es\/ca\/consell-article-pell-aigua\/","og_locale":"ca_ES","og_type":"article","og_title":"\u00bfQu\u00e8 faig si es mulla el meu article de pell? | Prieto Barcelona","og_description":"En aquest post l\u2019expliquem si els articles de pell i pelleteria es poden mullar i et donem un consells per actuar correctament en aquests casos.","og_url":"https:\/\/pielesprieto.es\/ca\/consell-article-pell-aigua\/","og_site_name":"Pieles Prieto","article_publisher":"https:\/\/www.facebook.com\/pielesprietobarcelona\/","article_published_time":"2018-02-02T18:00:46+00:00","article_modified_time":"2019-11-27T10:06:36+00:00","og_image":[{"width":5500,"height":3094,"url":"https:\/\/pielesprieto.es\/wp-content\/uploads\/2018\/02\/pexels-photo-268791.jpeg","type":"image\/jpeg"}],"author":"pp-administrador","twitter_card":"summary_large_image","twitter_creator":"@PielesPrieto","twitter_site":"@PielesPrieto","twitter_misc":{"Escrit per":"pp-administrador","Temps estimat de lectura":"4 minuts"},"schema":{"@context":"https:\/\/schema.org","@graph":[{"@type":"WebPage","@id":"https:\/\/pielesprieto.es\/ca\/consell-article-pell-aigua\/","url":"https:\/\/pielesprieto.es\/ca\/consell-article-pell-aigua\/","name":"\u00bfQu\u00e8 faig si es mulla el meu article de pell? | Prieto Barcelona","isPartOf":{"@id":"https:\/\/pielesprieto.es\/#website"},"datePublished":"2018-02-02T18:00:46+00:00","dateModified":"2019-11-27T10:06:36+00:00","author":{"@id":"https:\/\/pielesprieto.es\/#\/schema\/person\/4aaf000877c5e8415630ee8b3e7a0bdf"},"description":"En aquest post l\u2019expliquem si els articles de pell i pelleteria es poden mullar i et donem un consells per actuar correctament en aquests casos.","breadcrumb":{"@id":"https:\/\/pielesprieto.es\/ca\/consell-article-pell-aigua\/#breadcrumb"},"inLanguage":"ca","potentialAction":[{"@type":"ReadAction","target":["https:\/\/pielesprieto.es\/ca\/consell-article-pell-aigua\/"]}]},{"@type":"BreadcrumbList","@id":"https:\/\/pielesprieto.es\/ca\/consell-article-pell-aigua\/#breadcrumb","itemListElement":[{"@type":"ListItem","position":1,"name":"Portada","item":"https:\/\/pielesprieto.es\/ca\/inici\/"},{"@type":"ListItem","position":2,"name":"\u00bfQu\u00e8 faig si es mulla el meu article de pell?"}]},{"@type":"WebSite","@id":"https:\/\/pielesprieto.es\/#website","url":"https:\/\/pielesprieto.es\/","name":"Pieles Prieto","description":"Pieles Prieto","potentialAction":[{"@type":"SearchAction","target":{"@type":"EntryPoint","urlTemplate":"https:\/\/pielesprieto.es\/?s={search_term_string}"},"query-input":"required name=search_term_string"}],"inLanguage":"ca"},{"@type":"Person","@id":"https:\/\/pielesprieto.es\/#\/schema\/person\/4aaf000877c5e8415630ee8b3e7a0bdf","name":"pp-administrador","url":"https:\/\/pielesprieto.es\/ca\/author\/pp-administrador\/"}]}},"_links":{"self":[{"href":"https:\/\/pielesprieto.es\/ca\/wp-json\/wp\/v2\/posts\/1809"}],"collection":[{"href":"https:\/\/pielesprieto.es\/ca\/wp-json\/wp\/v2\/posts"}],"about":[{"href":"https:\/\/pielesprieto.es\/ca\/wp-json\/wp\/v2\/types\/post"}],"author":[{"embeddable":true,"href":"https:\/\/pielesprieto.es\/ca\/wp-json\/wp\/v2\/users\/2"}],"replies":[{"embeddable":true,"href":"https:\/\/pielesprieto.es\/ca\/wp-json\/wp\/v2\/comments?post=1809"}],"version-history":[{"count":9,"href":"https:\/\/pielesprieto.es\/ca\/wp-json\/wp\/v2\/posts\/1809\/revisions"}],"predecessor-version":[{"id":5175,"href":"https:\/\/pielesprieto.es\/ca\/wp-json\/wp\/v2\/posts\/1809\/revisions\/5175"}],"wp:featuredmedia":[{"embeddable":true,"href":"https:\/\/pielesprieto.es\/ca\/wp-json\/wp\/v2\/media\/1801"}],"wp:attachment":[{"href":"https:\/\/pielesprieto.es\/ca\/wp-json\/wp\/v2\/media?parent=1809"}],"wp:term":[{"taxonomy":"category","embeddable":true,"href":"https:\/\/pielesprieto.es\/ca\/wp-json\/wp\/v2\/categories?post=1809"},{"taxonomy":"post_tag","embeddable":true,"href":"https:\/\/pielesprieto.es\/ca\/wp-json\/wp\/v2\/tags?post=1809"}],"curies":[{"name":"wp","href":"https:\/\/api.w.org\/{rel}","templated":true}]}}