{"id":1522,"date":"2018-01-16T18:41:26","date_gmt":"2018-01-16T16:41:26","guid":{"rendered":"https:\/\/pielesprieto.es\/?p=1522"},"modified":"2019-11-26T15:08:06","modified_gmt":"2019-11-26T13:08:06","slug":"concurs-remix-pelleteria","status":"publish","type":"post","link":"https:\/\/pielesprieto.es\/ca\/concurs-remix-pelleteria\/","title":{"rendered":"REMIX, el concurs internacional per futurs pelleters"},"content":{"rendered":"\n<style type=\"text\/css\" data-created_by=\"avia_inline_auto\" id=\"style-css-av-av_section-0430dac87e95ed68a9109a1c9ddcca0f\">\n.avia-section.av-av_section-0430dac87e95ed68a9109a1c9ddcca0f{\nbackground-color:#0a0a0a;\nbackground-image:unset;\n}\n<\/style>\n<div id='av_section_1'  class='avia-section av-av_section-0430dac87e95ed68a9109a1c9ddcca0f main_color avia-section-default avia-no-shadow  avia-builder-el-0  el_before_av_textblock  avia-builder-el-first  avia-bg-style-scroll container_wrap sidebar_right'  ><div class='container av-section-cont-open' ><main  role=\"main\" itemprop=\"mainContentOfPage\"  class='template-page content  av-content-small alpha units'><div class='post-entry post-entry-type-page post-entry-1522'><div class='entry-content-wrapper clearfix'>\n<section  class='av_textblock_section av-av_textblock-2de302bf1aa3cf4c9157dbe6f50ac7eb '   itemscope=\"itemscope\" itemtype=\"https:\/\/schema.org\/BlogPosting\" itemprop=\"blogPost\" ><div class='avia_textblock'  itemprop=\"text\" ><h3 style=\"text-align: center\"><span style=\"font-size: 150%\"><a href=\"https:\/\/pielesprieto.es\/ca\/blog\/\"><span style=\"color: #ffffff\">BLOG DE PRIETO BARCELONA<\/span><\/a><\/span><\/h3>\n<h5 style=\"text-align: center\"><a href=\"https:\/\/pielesprieto.es\/ca\/\"><span style=\"color: #ffffff\">Totes les not\u00edcies de la marca i del sector de la pelleteria.<\/span><\/a><\/h5>\n<\/div><\/section>\n<\/div><\/div><\/main><!-- close content main element --><\/div><\/div><div id='after_section_1'  class='main_color av_default_container_wrap container_wrap sidebar_right'  ><div class='container av-section-cont-open' ><div class='template-page content  av-content-small alpha units'><div class='post-entry post-entry-type-page post-entry-1522'><div class='entry-content-wrapper clearfix'>\n\n<style type=\"text\/css\" data-created_by=\"avia_inline_auto\" id=\"style-css-av-av_textblock-07d9ed8e88f936c1ae08938f46e74f2a\">\n#top .av_textblock_section.av-av_textblock-07d9ed8e88f936c1ae08938f46e74f2a .avia_textblock{\nfont-size:34px;\n}\n<\/style>\n<section  class='av_textblock_section av-av_textblock-07d9ed8e88f936c1ae08938f46e74f2a '   itemscope=\"itemscope\" itemtype=\"https:\/\/schema.org\/BlogPosting\" itemprop=\"blogPost\" ><div class='avia_textblock'  itemprop=\"text\" ><h1><strong>REMIX, EL CONCURS INTERNACIONAL PER FUTURS PELLETERS<\/strong><\/h1>\n<\/div><\/section>\n\n<style type=\"text\/css\" data-created_by=\"avia_inline_auto\" id=\"style-css-av-av_hr-4fe7ca31632bc16a918f996b90394a4b\">\n#top .hr.hr-invisible.av-av_hr-4fe7ca31632bc16a918f996b90394a4b{\nheight:2px;\n}\n<\/style>\n<div  class='hr av-av_hr-4fe7ca31632bc16a918f996b90394a4b hr-invisible  avia-builder-el-3  el_after_av_textblock  el_before_av_textblock '><span class='hr-inner '><span class=\"hr-inner-style\"><\/span><\/span><\/div>\n\n<style type=\"text\/css\" data-created_by=\"avia_inline_auto\" id=\"style-css-av-av_textblock-2d38d47c6c21648893d1573789d1ca99\">\n#top .av_textblock_section.av-av_textblock-2d38d47c6c21648893d1573789d1ca99 .avia_textblock{\nfont-size:14px;\ncolor:#0a0a0a;\n}\n<\/style>\n<section  class='av_textblock_section av-av_textblock-2d38d47c6c21648893d1573789d1ca99 '   itemscope=\"itemscope\" itemtype=\"https:\/\/schema.org\/BlogPosting\" itemprop=\"blogPost\" ><div class='avia_textblock av_inherit_color'  itemprop=\"text\" ><h2 class=\"comop\"><strong>Avui et volem parlar del concurs REMIX, una proba de que el sector pelleter est\u00e0 actiu i innovant cont\u00ednuament. REMIX \u00e9s una competici\u00f3 anual organitzada per la<u><\/u><a href=\"https:\/\/www.wearefur.com\/\" target=\"_blank\" rel=\"noopener\"> IFF (International Fur Federation) <\/a>des de fa 15 anys. Durant aquest temps, m\u00e9s de 1.000 estudiantes de disseny de 25 pa\u00efsos han competit amb els seus innovadors dissenys confeccionats en pell.<\/strong><\/h2>\n<\/div><\/section>\n<section  class='av_textblock_section av-av_textblock-2de302bf1aa3cf4c9157dbe6f50ac7eb '   itemscope=\"itemscope\" itemtype=\"https:\/\/schema.org\/BlogPosting\" itemprop=\"blogPost\" ><div class='avia_textblock'  itemprop=\"text\" ><p>Aquest tipus de projectes tenen una <strong>important repercussi\u00f3 per tot el sector pelleter.<\/strong> La entrada de joves talents obre noves vies per la millora, trenca amb les antigues regles i empeny al sector cap endavant. De la mateixa manera, tamb\u00e9 <strong>\u00e9s molt positiu per tots els dissenyadors que hi participen.<\/strong> Aquest concurs fomenta el desenvolupament de les capacitats de tots els concursants i els hi ofereix una gran ress\u00f2 medi\u00e0tic.<\/p>\n<p>En la passada edici\u00f3, <strong>el primer premi va ser per Morten Ussing<\/strong>, un dissenyador dan\u00e8s titulat en MA Womenswear per una de les universitat de moda m\u00e9s reconegudes internacionalment, la Central Saint Martins de Londres. Morten Ussing va presentar una col\u00b7lecci\u00f3 que <strong>destacava pels seus degradats de color i la combinaci\u00f3 de textures.<\/strong> Sens dubte, l\u2019elecci\u00f3 de tonalitats cridaneres era una opci\u00f3 arriscada, per\u00f2 el dissenyador va saber combinar-les a la perfecci\u00f3 i el resultat va ser espectacular. Els dissenys presentats no tenen res a veure amb la percepci\u00f3 antiga que sovint s\u2019atribueix al sector pelleter.<\/p>\n<p>L\u2019edici\u00f3 REMIX 2017 tamb\u00e9 va premiar a uns altres 9 joves dissenyadors per al seu gran treball. Les meravelloses col\u00b7leccions que es van presentar s\u00f3n la demostraci\u00f3 del potencial que t\u00e9 el sector. Us recomanem <u><a href=\"https:\/\/www.wearefur.es\/fur-fashion\/remix\/remix-finalistas-2017\/\" target=\"_blank\" rel=\"noopener\">visitar la p\u00e0gina web del concurs<\/a><\/u> i veure les col\u00b7leccions de tots els finalistes.<\/p>\n<\/div><\/section>\n\n<style type=\"text\/css\" data-created_by=\"avia_inline_auto\" id=\"style-css-av-av_hr-373523e22f0366b13a549278f1ad345e\">\n#top .hr.hr-invisible.av-av_hr-373523e22f0366b13a549278f1ad345e{\nheight:10px;\n}\n<\/style>\n<div  class='hr av-av_hr-373523e22f0366b13a549278f1ad345e hr-invisible  avia-builder-el-6  el_after_av_textblock  el_before_av_image '><span class='hr-inner '><span class=\"hr-inner-style\"><\/span><\/span><\/div>\n\n<style type=\"text\/css\" data-created_by=\"avia_inline_auto\" id=\"style-css-av-av_image-068249dabeb07597413da1a3b548b0b7\">\n.avia-image-container.av-av_image-068249dabeb07597413da1a3b548b0b7 img.avia_image{\nbox-shadow:none;\n}\n.avia-image-container.av-av_image-068249dabeb07597413da1a3b548b0b7 .av-image-caption-overlay-center{\ncolor:#ffffff;\n}\n<\/style>\n<div  class='avia-image-container av-av_image-068249dabeb07597413da1a3b548b0b7 av-styling- avia-align-center  avia-builder-el-7  el_after_av_hr  el_before_av_hr '   itemprop=\"image\" itemscope=\"itemscope\" itemtype=\"https:\/\/schema.org\/ImageObject\" ><div class=\"avia-image-container-inner\"><div class=\"avia-image-overlay-wrap\"><img decoding=\"async\" class='wp-image-1508 avia-img-lazy-loading-not-1508 avia_image ' src=\"https:\/\/pielesprieto.es\/wp-content\/uploads\/2018\/01\/201801_REMIX.jpg\" alt='' title='201801_REMIX'  height=\"660\" width=\"960\"  itemprop=\"thumbnailUrl\" srcset=\"https:\/\/pielesprieto.es\/wp-content\/uploads\/2018\/01\/201801_REMIX.jpg 960w, https:\/\/pielesprieto.es\/wp-content\/uploads\/2018\/01\/201801_REMIX-600x413.jpg 600w\" sizes=\"(max-width: 960px) 100vw, 960px\" \/><\/div><\/div><\/div>\n\n<style type=\"text\/css\" data-created_by=\"avia_inline_auto\" id=\"style-css-av-av_hr-5d74ded74483867bcf4f6bb06a94fdee\">\n#top .hr.hr-invisible.av-av_hr-5d74ded74483867bcf4f6bb06a94fdee{\nheight:5px;\n}\n<\/style>\n<div  class='hr av-av_hr-5d74ded74483867bcf4f6bb06a94fdee hr-invisible  avia-builder-el-8  el_after_av_image  el_before_av_textblock '><span class='hr-inner '><span class=\"hr-inner-style\"><\/span><\/span><\/div>\n<section  class='av_textblock_section av-av_textblock-2de302bf1aa3cf4c9157dbe6f50ac7eb '   itemscope=\"itemscope\" itemtype=\"https:\/\/schema.org\/BlogPosting\" itemprop=\"blogPost\" ><div class='avia_textblock'  itemprop=\"text\" ><p>De totes maneres, el temps passa volant i nosaltres ja estem pensant en la seg\u00fcent temporada. <strong><u><a href=\"https:\/\/www.wearefur.com\/fur-fashion\/remix\/milan-2018\/\" target=\"_blank\" rel=\"noopener\">La pr\u00f2xima edici\u00f3 de REMIX<\/a><\/u>tindr\u00e0 lloc a Milan durant el mes de febrer i estar\u00e0 patrocinada per VOGUE Talents.<\/strong> Des de PRIETO, estarem molt atents a les propostes que es presentin i, per suposat, us anirem informant.<\/p>\n<\/div><\/section>\n\n<style type=\"text\/css\" data-created_by=\"avia_inline_auto\" id=\"style-css-av-av_hr-616cd310f4c6bf63bbd1f033802c1165\">\n#top .hr.hr-invisible.av-av_hr-616cd310f4c6bf63bbd1f033802c1165{\nheight:20px;\n}\n<\/style>\n<div  class='hr av-av_hr-616cd310f4c6bf63bbd1f033802c1165 hr-invisible  avia-builder-el-10  el_after_av_textblock  el_before_av_social_share '><span class='hr-inner '><span class=\"hr-inner-style\"><\/span><\/span><\/div>\n<div  class='av-social-sharing-box av-av_social_share-154f3c0b8d4df222b11bc43eeb2be2bc av-social-sharing-box-default  avia-builder-el-11  el_after_av_hr  el_before_av_hr  av-social-sharing-box-fullwidth'><div class=\"av-share-box\"><h5 class='av-share-link-description av-no-toc '>Compartir esta entrada:<\/h5><ul class=\"av-share-box-list noLightbox\"><li class='av-share-link av-social-link-facebook' ><a target=\"_blank\" aria-label=\"Compartir a Facebook\" href='https:\/\/www.facebook.com\/sharer.php?u=https:\/\/pielesprieto.es\/ca\/concurs-remix-pelleteria\/&#038;t=REMIX%2C%20el%20concurs%20internacional%20per%20futurs%20pelleters' aria-hidden='false' data-av_icon='\ue8f3' data-av_iconfont='entypo-fontello' title='' data-avia-related-tooltip='Compartir a Facebook' rel=\"noopener\"><span class='avia_hidden_link_text'>Compartir a Facebook<\/span><\/a><\/li><li class='av-share-link av-social-link-twitter' ><a target=\"_blank\" aria-label=\"Compartir a Twitter\" href='https:\/\/twitter.com\/share?text=REMIX%2C%20el%20concurs%20internacional%20per%20futurs%20pelleters&#038;url=https:\/\/pielesprieto.es\/ca\/?p=1522' aria-hidden='false' data-av_icon='\ue8f1' data-av_iconfont='entypo-fontello' title='' data-avia-related-tooltip='Compartir a Twitter' rel=\"noopener\"><span class='avia_hidden_link_text'>Compartir a Twitter<\/span><\/a><\/li><li class='av-share-link av-social-link-whatsapp' ><a target=\"_blank\" aria-label=\"Share on WhatsApp\" href='https:\/\/api.whatsapp.com\/send?text=https:\/\/pielesprieto.es\/ca\/concurs-remix-pelleteria\/' aria-hidden='false' data-av_icon='\uf232' data-av_iconfont='entypo-fontello' title='' data-avia-related-tooltip='Share on WhatsApp' rel=\"noopener\"><span class='avia_hidden_link_text'>Share on WhatsApp<\/span><\/a><\/li><li class='av-share-link av-social-link-mail' ><a  aria-label=\"Compartir per correu\" href='mailto:?subject=REMIX%2C%20el%20concurs%20internacional%20per%20futurs%20pelleters&#038;body=https:\/\/pielesprieto.es\/ca\/concurs-remix-pelleteria\/' aria-hidden='false' data-av_icon='\ue805' data-av_iconfont='entypo-fontello' title='' data-avia-related-tooltip='Compartir per correu'><span class='avia_hidden_link_text'>Compartir per correu<\/span><\/a><\/li><\/ul><\/div><\/div>\n\n<style type=\"text\/css\" data-created_by=\"avia_inline_auto\" id=\"style-css-av-av_hr-616cd310f4c6bf63bbd1f033802c1165\">\n#top .hr.hr-invisible.av-av_hr-616cd310f4c6bf63bbd1f033802c1165{\nheight:20px;\n}\n<\/style>\n<div  class='hr av-av_hr-616cd310f4c6bf63bbd1f033802c1165 hr-invisible  avia-builder-el-12  el_after_av_social_share  el_before_av_comments_list '><span class='hr-inner '><span class=\"hr-inner-style\"><\/span><\/span><\/div>\n<div  class='av-buildercomment av-av_comments_list-88ce68e426f11248fa394058a3de040f  av-blog-meta-author-disabled av-blog-meta-comments-disabled av-blog-meta-category-disabled av-blog-meta-html-info-disabled av-blog-meta-tag-disabled'><\/div>\n","protected":false},"excerpt":{"rendered":"","protected":false},"author":2,"featured_media":1508,"comment_status":"closed","ping_status":"open","sticky":false,"template":"","format":"standard","meta":[],"categories":[45],"tags":[52,390,68,370,71,376],"yoast_head":"<!-- This site is optimized with the Yoast SEO plugin v20.9 - https:\/\/yoast.com\/wordpress\/plugins\/seo\/ -->\n<title>REMIX, el concurs internacional per futurs pelleters | Prieto Barcelona<\/title>\n<meta name=\"description\" content=\"Coneix una de les iniciatives m\u00e9s atractives i amb m\u00e9s impacte del sector pelleter. Un a proba de que el futur de la pelleteria est\u00e0 assegurat.\" \/>\n<meta name=\"robots\" content=\"index, follow, max-snippet:-1, max-image-preview:large, max-video-preview:-1\" \/>\n<link rel=\"canonical\" href=\"https:\/\/pielesprieto.es\/ca\/concurs-remix-pelleteria\/\" \/>\n<meta property=\"og:locale\" content=\"ca_ES\" \/>\n<meta property=\"og:type\" content=\"article\" \/>\n<meta property=\"og:title\" content=\"REMIX, el concurs internacional per futurs pelleters | Prieto Barcelona\" \/>\n<meta property=\"og:description\" content=\"Coneix una de les iniciatives m\u00e9s atractives i amb m\u00e9s impacte del sector pelleter. Un a proba de que el futur de la pelleteria est\u00e0 assegurat.\" \/>\n<meta property=\"og:url\" content=\"https:\/\/pielesprieto.es\/ca\/concurs-remix-pelleteria\/\" \/>\n<meta property=\"og:site_name\" content=\"Pieles Prieto\" \/>\n<meta property=\"article:publisher\" content=\"https:\/\/www.facebook.com\/pielesprietobarcelona\/\" \/>\n<meta property=\"article:published_time\" content=\"2018-01-16T16:41:26+00:00\" \/>\n<meta property=\"article:modified_time\" content=\"2019-11-26T13:08:06+00:00\" \/>\n<meta property=\"og:image\" content=\"https:\/\/pielesprieto.es\/wp-content\/uploads\/2018\/01\/201801_REMIX.jpg\" \/>\n\t<meta property=\"og:image:width\" content=\"960\" \/>\n\t<meta property=\"og:image:height\" content=\"660\" \/>\n\t<meta property=\"og:image:type\" content=\"image\/jpeg\" \/>\n<meta name=\"author\" content=\"pp-administrador\" \/>\n<meta name=\"twitter:card\" content=\"summary_large_image\" \/>\n<meta name=\"twitter:creator\" content=\"@PielesPrieto\" \/>\n<meta name=\"twitter:site\" content=\"@PielesPrieto\" \/>\n<meta name=\"twitter:label1\" content=\"Escrit per\" \/>\n\t<meta name=\"twitter:data1\" content=\"pp-administrador\" \/>\n\t<meta name=\"twitter:label2\" content=\"Temps estimat de lectura\" \/>\n\t<meta name=\"twitter:data2\" content=\"4 minuts\" \/>\n<script type=\"application\/ld+json\" class=\"yoast-schema-graph\">{\"@context\":\"https:\/\/schema.org\",\"@graph\":[{\"@type\":\"WebPage\",\"@id\":\"https:\/\/pielesprieto.es\/ca\/concurs-remix-pelleteria\/\",\"url\":\"https:\/\/pielesprieto.es\/ca\/concurs-remix-pelleteria\/\",\"name\":\"REMIX, el concurs internacional per futurs pelleters | Prieto Barcelona\",\"isPartOf\":{\"@id\":\"https:\/\/pielesprieto.es\/#website\"},\"datePublished\":\"2018-01-16T16:41:26+00:00\",\"dateModified\":\"2019-11-26T13:08:06+00:00\",\"author\":{\"@id\":\"https:\/\/pielesprieto.es\/#\/schema\/person\/4aaf000877c5e8415630ee8b3e7a0bdf\"},\"description\":\"Coneix una de les iniciatives m\u00e9s atractives i amb m\u00e9s impacte del sector pelleter. Un a proba de que el futur de la pelleteria est\u00e0 assegurat.\",\"breadcrumb\":{\"@id\":\"https:\/\/pielesprieto.es\/ca\/concurs-remix-pelleteria\/#breadcrumb\"},\"inLanguage\":\"ca\",\"potentialAction\":[{\"@type\":\"ReadAction\",\"target\":[\"https:\/\/pielesprieto.es\/ca\/concurs-remix-pelleteria\/\"]}]},{\"@type\":\"BreadcrumbList\",\"@id\":\"https:\/\/pielesprieto.es\/ca\/concurs-remix-pelleteria\/#breadcrumb\",\"itemListElement\":[{\"@type\":\"ListItem\",\"position\":1,\"name\":\"Portada\",\"item\":\"https:\/\/pielesprieto.es\/ca\/inici\/\"},{\"@type\":\"ListItem\",\"position\":2,\"name\":\"REMIX, el concurs internacional per futurs pelleters\"}]},{\"@type\":\"WebSite\",\"@id\":\"https:\/\/pielesprieto.es\/#website\",\"url\":\"https:\/\/pielesprieto.es\/\",\"name\":\"Pieles Prieto\",\"description\":\"Pieles Prieto\",\"potentialAction\":[{\"@type\":\"SearchAction\",\"target\":{\"@type\":\"EntryPoint\",\"urlTemplate\":\"https:\/\/pielesprieto.es\/?s={search_term_string}\"},\"query-input\":\"required name=search_term_string\"}],\"inLanguage\":\"ca\"},{\"@type\":\"Person\",\"@id\":\"https:\/\/pielesprieto.es\/#\/schema\/person\/4aaf000877c5e8415630ee8b3e7a0bdf\",\"name\":\"pp-administrador\",\"url\":\"https:\/\/pielesprieto.es\/ca\/author\/pp-administrador\/\"}]}<\/script>\n<!-- \/ Yoast SEO plugin. -->","yoast_head_json":{"title":"REMIX, el concurs internacional per futurs pelleters | Prieto Barcelona","description":"Coneix una de les iniciatives m\u00e9s atractives i amb m\u00e9s impacte del sector pelleter. Un a proba de que el futur de la pelleteria est\u00e0 assegurat.","robots":{"index":"index","follow":"follow","max-snippet":"max-snippet:-1","max-image-preview":"max-image-preview:large","max-video-preview":"max-video-preview:-1"},"canonical":"https:\/\/pielesprieto.es\/ca\/concurs-remix-pelleteria\/","og_locale":"ca_ES","og_type":"article","og_title":"REMIX, el concurs internacional per futurs pelleters | Prieto Barcelona","og_description":"Coneix una de les iniciatives m\u00e9s atractives i amb m\u00e9s impacte del sector pelleter. Un a proba de que el futur de la pelleteria est\u00e0 assegurat.","og_url":"https:\/\/pielesprieto.es\/ca\/concurs-remix-pelleteria\/","og_site_name":"Pieles Prieto","article_publisher":"https:\/\/www.facebook.com\/pielesprietobarcelona\/","article_published_time":"2018-01-16T16:41:26+00:00","article_modified_time":"2019-11-26T13:08:06+00:00","og_image":[{"width":960,"height":660,"url":"https:\/\/pielesprieto.es\/wp-content\/uploads\/2018\/01\/201801_REMIX.jpg","type":"image\/jpeg"}],"author":"pp-administrador","twitter_card":"summary_large_image","twitter_creator":"@PielesPrieto","twitter_site":"@PielesPrieto","twitter_misc":{"Escrit per":"pp-administrador","Temps estimat de lectura":"4 minuts"},"schema":{"@context":"https:\/\/schema.org","@graph":[{"@type":"WebPage","@id":"https:\/\/pielesprieto.es\/ca\/concurs-remix-pelleteria\/","url":"https:\/\/pielesprieto.es\/ca\/concurs-remix-pelleteria\/","name":"REMIX, el concurs internacional per futurs pelleters | Prieto Barcelona","isPartOf":{"@id":"https:\/\/pielesprieto.es\/#website"},"datePublished":"2018-01-16T16:41:26+00:00","dateModified":"2019-11-26T13:08:06+00:00","author":{"@id":"https:\/\/pielesprieto.es\/#\/schema\/person\/4aaf000877c5e8415630ee8b3e7a0bdf"},"description":"Coneix una de les iniciatives m\u00e9s atractives i amb m\u00e9s impacte del sector pelleter. Un a proba de que el futur de la pelleteria est\u00e0 assegurat.","breadcrumb":{"@id":"https:\/\/pielesprieto.es\/ca\/concurs-remix-pelleteria\/#breadcrumb"},"inLanguage":"ca","potentialAction":[{"@type":"ReadAction","target":["https:\/\/pielesprieto.es\/ca\/concurs-remix-pelleteria\/"]}]},{"@type":"BreadcrumbList","@id":"https:\/\/pielesprieto.es\/ca\/concurs-remix-pelleteria\/#breadcrumb","itemListElement":[{"@type":"ListItem","position":1,"name":"Portada","item":"https:\/\/pielesprieto.es\/ca\/inici\/"},{"@type":"ListItem","position":2,"name":"REMIX, el concurs internacional per futurs pelleters"}]},{"@type":"WebSite","@id":"https:\/\/pielesprieto.es\/#website","url":"https:\/\/pielesprieto.es\/","name":"Pieles Prieto","description":"Pieles Prieto","potentialAction":[{"@type":"SearchAction","target":{"@type":"EntryPoint","urlTemplate":"https:\/\/pielesprieto.es\/?s={search_term_string}"},"query-input":"required name=search_term_string"}],"inLanguage":"ca"},{"@type":"Person","@id":"https:\/\/pielesprieto.es\/#\/schema\/person\/4aaf000877c5e8415630ee8b3e7a0bdf","name":"pp-administrador","url":"https:\/\/pielesprieto.es\/ca\/author\/pp-administrador\/"}]}},"_links":{"self":[{"href":"https:\/\/pielesprieto.es\/ca\/wp-json\/wp\/v2\/posts\/1522"}],"collection":[{"href":"https:\/\/pielesprieto.es\/ca\/wp-json\/wp\/v2\/posts"}],"about":[{"href":"https:\/\/pielesprieto.es\/ca\/wp-json\/wp\/v2\/types\/post"}],"author":[{"embeddable":true,"href":"https:\/\/pielesprieto.es\/ca\/wp-json\/wp\/v2\/users\/2"}],"replies":[{"embeddable":true,"href":"https:\/\/pielesprieto.es\/ca\/wp-json\/wp\/v2\/comments?post=1522"}],"version-history":[{"count":10,"href":"https:\/\/pielesprieto.es\/ca\/wp-json\/wp\/v2\/posts\/1522\/revisions"}],"predecessor-version":[{"id":5172,"href":"https:\/\/pielesprieto.es\/ca\/wp-json\/wp\/v2\/posts\/1522\/revisions\/5172"}],"wp:featuredmedia":[{"embeddable":true,"href":"https:\/\/pielesprieto.es\/ca\/wp-json\/wp\/v2\/media\/1508"}],"wp:attachment":[{"href":"https:\/\/pielesprieto.es\/ca\/wp-json\/wp\/v2\/media?parent=1522"}],"wp:term":[{"taxonomy":"category","embeddable":true,"href":"https:\/\/pielesprieto.es\/ca\/wp-json\/wp\/v2\/categories?post=1522"},{"taxonomy":"post_tag","embeddable":true,"href":"https:\/\/pielesprieto.es\/ca\/wp-json\/wp\/v2\/tags?post=1522"}],"curies":[{"name":"wp","href":"https:\/\/api.w.org\/{rel}","templated":true}]}}