{"id":1286,"date":"2017-11-30T17:51:41","date_gmt":"2017-11-30T15:51:41","guid":{"rendered":"https:\/\/pielesprieto.es\/?p=1286"},"modified":"2019-11-27T11:41:03","modified_gmt":"2019-11-27T09:41:03","slug":"revolucio-pelleteria-i-decoracio","status":"publish","type":"post","link":"https:\/\/pielesprieto.es\/ca\/revolucio-pelleteria-i-decoracio\/","title":{"rendered":"La revoluci\u00f3 de la pelleteria arriba a casa teva"},"content":{"rendered":"\n<style type=\"text\/css\" data-created_by=\"avia_inline_auto\" id=\"style-css-av-av_section-0430dac87e95ed68a9109a1c9ddcca0f\">\n.avia-section.av-av_section-0430dac87e95ed68a9109a1c9ddcca0f{\nbackground-color:#0a0a0a;\nbackground-image:unset;\n}\n<\/style>\n<div id='av_section_1'  class='avia-section av-av_section-0430dac87e95ed68a9109a1c9ddcca0f main_color avia-section-default avia-no-shadow  avia-builder-el-0  el_before_av_textblock  avia-builder-el-first  avia-bg-style-scroll container_wrap sidebar_right'  ><div class='container av-section-cont-open' ><main  role=\"main\" itemprop=\"mainContentOfPage\"  class='template-page content  av-content-small alpha units'><div class='post-entry post-entry-type-page post-entry-1286'><div class='entry-content-wrapper clearfix'>\n<section  class='av_textblock_section av-av_textblock-2de302bf1aa3cf4c9157dbe6f50ac7eb '   itemscope=\"itemscope\" itemtype=\"https:\/\/schema.org\/BlogPosting\" itemprop=\"blogPost\" ><div class='avia_textblock'  itemprop=\"text\" ><h3 style=\"text-align: center\"><span style=\"font-size: 150%\"><a href=\"https:\/\/pielesprieto.es\/ca\/blog\/\"><span style=\"color: #ffffff\">BLOG DE PRIETO BARCELONA<\/span><\/a><\/span><\/h3>\n<h5 style=\"text-align: center\"><a href=\"https:\/\/pielesprieto.es\/ca\/blog\/\"><span style=\"color: #ffffff\">Totes les not\u00edcies de la marca i del sector de la pelleteria.<\/span><\/a><\/h5>\n<\/div><\/section>\n<\/div><\/div><\/main><!-- close content main element --><\/div><\/div><div id='after_section_1'  class='main_color av_default_container_wrap container_wrap sidebar_right'  ><div class='container av-section-cont-open' ><div class='template-page content  av-content-small alpha units'><div class='post-entry post-entry-type-page post-entry-1286'><div class='entry-content-wrapper clearfix'>\n\n<style type=\"text\/css\" data-created_by=\"avia_inline_auto\" id=\"style-css-av-av_textblock-07d9ed8e88f936c1ae08938f46e74f2a\">\n#top .av_textblock_section.av-av_textblock-07d9ed8e88f936c1ae08938f46e74f2a .avia_textblock{\nfont-size:34px;\n}\n<\/style>\n<section  class='av_textblock_section av-av_textblock-07d9ed8e88f936c1ae08938f46e74f2a '   itemscope=\"itemscope\" itemtype=\"https:\/\/schema.org\/BlogPosting\" itemprop=\"blogPost\" ><div class='avia_textblock'  itemprop=\"text\" ><h1><strong>LA REVOLUCI\u00d3 DE LA PELLETERIA ARRIBA A CASA TEVA<\/strong><\/h1>\n<\/div><\/section>\n\n<style type=\"text\/css\" data-created_by=\"avia_inline_auto\" id=\"style-css-av-av_hr-4fe7ca31632bc16a918f996b90394a4b\">\n#top .hr.hr-invisible.av-av_hr-4fe7ca31632bc16a918f996b90394a4b{\nheight:2px;\n}\n<\/style>\n<div  class='hr av-av_hr-4fe7ca31632bc16a918f996b90394a4b hr-invisible  avia-builder-el-3  el_after_av_textblock  el_before_av_textblock '><span class='hr-inner '><span class=\"hr-inner-style\"><\/span><\/span><\/div>\n\n<style type=\"text\/css\" data-created_by=\"avia_inline_auto\" id=\"style-css-av-av_textblock-2d38d47c6c21648893d1573789d1ca99\">\n#top .av_textblock_section.av-av_textblock-2d38d47c6c21648893d1573789d1ca99 .avia_textblock{\nfont-size:14px;\ncolor:#0a0a0a;\n}\n<\/style>\n<section  class='av_textblock_section av-av_textblock-2d38d47c6c21648893d1573789d1ca99 '   itemscope=\"itemscope\" itemtype=\"https:\/\/schema.org\/BlogPosting\" itemprop=\"blogPost\" ><div class='avia_textblock av_inherit_color'  itemprop=\"text\" ><h2 class=\"comop\"><strong>Tot hi que el sector pelleter sempre ha utilitzat la pell per confeccionat articles de decoraci\u00f3, en els \u00faltims anys s\u2019est\u00e0 produint una revoluci\u00f3 en el sector que l\u2019est\u00e0 portant a innovar i a expandir els usos d\u2019aquest material.<\/strong><\/h2>\n<\/div><\/section>\n\n<style type=\"text\/css\" data-created_by=\"avia_inline_auto\" id=\"style-css-av-av_hr-373523e22f0366b13a549278f1ad345e\">\n#top .hr.hr-invisible.av-av_hr-373523e22f0366b13a549278f1ad345e{\nheight:10px;\n}\n<\/style>\n<div  class='hr av-av_hr-373523e22f0366b13a549278f1ad345e hr-invisible  avia-builder-el-5  el_after_av_textblock  el_before_av_image '><span class='hr-inner '><span class=\"hr-inner-style\"><\/span><\/span><\/div>\n\n<style type=\"text\/css\" data-created_by=\"avia_inline_auto\" id=\"style-css-av-av_image-f8bdfaeea50995e2f26ddaf0f9187697\">\n.avia-image-container.av-av_image-f8bdfaeea50995e2f26ddaf0f9187697 img.avia_image{\nbox-shadow:none;\n}\n.avia-image-container.av-av_image-f8bdfaeea50995e2f26ddaf0f9187697 .av-image-caption-overlay-center{\ncolor:#ffffff;\n}\n<\/style>\n<div  class='avia-image-container av-av_image-f8bdfaeea50995e2f26ddaf0f9187697 av-styling- avia-align-center  avia-builder-el-6  el_after_av_hr  el_before_av_hr '   itemprop=\"image\" itemscope=\"itemscope\" itemtype=\"https:\/\/schema.org\/ImageObject\" ><div class=\"avia-image-container-inner\"><div class=\"avia-image-overlay-wrap\"><img decoding=\"async\" class='wp-image-1278 avia-img-lazy-loading-not-1278 avia_image ' src=\"https:\/\/pielesprieto.es\/wp-content\/uploads\/2017\/11\/201711_PELETERIA-HOME_01.jpg\" alt='' title='201711_PELETERIA-HOME_01'  height=\"660\" width=\"960\"  itemprop=\"thumbnailUrl\" srcset=\"https:\/\/pielesprieto.es\/wp-content\/uploads\/2017\/11\/201711_PELETERIA-HOME_01.jpg 960w, https:\/\/pielesprieto.es\/wp-content\/uploads\/2017\/11\/201711_PELETERIA-HOME_01-600x413.jpg 600w\" sizes=\"(max-width: 960px) 100vw, 960px\" \/><\/div><\/div><\/div>\n\n<style type=\"text\/css\" data-created_by=\"avia_inline_auto\" id=\"style-css-av-av_hr-5d74ded74483867bcf4f6bb06a94fdee\">\n#top .hr.hr-invisible.av-av_hr-5d74ded74483867bcf4f6bb06a94fdee{\nheight:5px;\n}\n<\/style>\n<div  class='hr av-av_hr-5d74ded74483867bcf4f6bb06a94fdee hr-invisible  avia-builder-el-7  el_after_av_image  el_before_av_textblock '><span class='hr-inner '><span class=\"hr-inner-style\"><\/span><\/span><\/div>\n<section  class='av_textblock_section av-av_textblock-2de302bf1aa3cf4c9157dbe6f50ac7eb '   itemscope=\"itemscope\" itemtype=\"https:\/\/schema.org\/BlogPosting\" itemprop=\"blogPost\" ><div class='avia_textblock'  itemprop=\"text\" ><p>La pell \u00e9s un material resistent i atractiu, fet que el converteix en l\u2019aliat perfecte per molts dissenyadores i interioristes. Treballar amb pell no \u00e9s f\u00e0cil, per\u00f2 amb la col\u00b7laboraci\u00f3 de pelleters i dissenyadors s\u2019estan buscant vies per <strong>incloure la pell i el p\u00e8l en elements decoratius en els que \u00e9s poc habitual trobar-hi aquest material.<\/strong> La incorporaci\u00f3 de pell en un objecte de decoraci\u00f3 pot convertir-lo en l\u2019element central d\u2019un espai i canviar per complet el seu estil.<\/p>\n<p>Estem acostumats a veure productes com mantes i coixins confeccionats amb pell i p\u00e8l, per\u00f2 els usos d\u2019aquest material poden anar molt m\u00e9s enll\u00e0. En l\u2019actualitat, s\u2019estan creant objectes com armaris, cap\u00e7als de llit, etc. confeccionats en diferents tipus de pells. Les possibilitats d\u2019aquest material en decoraci\u00f3 s\u00f3n infinites, i sens dubte\u00a0 el sector pelleter no vol desaprofitar aquesta oportunitat. T\u2019imagines el cap\u00e7al del teu llit confeccionat amb pell d\u2019astracan blau intens? Aix\u00f2 \u00e9s el que vam crear per un dels nostres clientes, el resultat va ser espectacular.<\/p>\n<\/div><\/section>\n\n<style type=\"text\/css\" data-created_by=\"avia_inline_auto\" id=\"style-css-av-av_hr-373523e22f0366b13a549278f1ad345e\">\n#top .hr.hr-invisible.av-av_hr-373523e22f0366b13a549278f1ad345e{\nheight:10px;\n}\n<\/style>\n<div  class='hr av-av_hr-373523e22f0366b13a549278f1ad345e hr-invisible  avia-builder-el-9  el_after_av_textblock  el_before_av_image '><span class='hr-inner '><span class=\"hr-inner-style\"><\/span><\/span><\/div>\n\n<style type=\"text\/css\" data-created_by=\"avia_inline_auto\" id=\"style-css-av-av_image-ab809fea720c2238fa666dd586996496\">\n.avia-image-container.av-av_image-ab809fea720c2238fa666dd586996496 img.avia_image{\nbox-shadow:none;\n}\n.avia-image-container.av-av_image-ab809fea720c2238fa666dd586996496 .av-image-caption-overlay-center{\ncolor:#ffffff;\n}\n<\/style>\n<div  class='avia-image-container av-av_image-ab809fea720c2238fa666dd586996496 av-styling- avia-align-center  avia-builder-el-10  el_after_av_hr  el_before_av_hr '   itemprop=\"image\" itemscope=\"itemscope\" itemtype=\"https:\/\/schema.org\/ImageObject\" ><div class=\"avia-image-container-inner\"><div class=\"avia-image-overlay-wrap\"><img decoding=\"async\" class='wp-image-1282 avia-img-lazy-loading-not-1282 avia_image ' src=\"https:\/\/pielesprieto.es\/wp-content\/uploads\/2017\/11\/201711_PELETERIA-HOME_02.jpg\" alt='' title='201711_PELETERIA-HOME_02'  height=\"660\" width=\"960\"  itemprop=\"thumbnailUrl\" srcset=\"https:\/\/pielesprieto.es\/wp-content\/uploads\/2017\/11\/201711_PELETERIA-HOME_02.jpg 960w, https:\/\/pielesprieto.es\/wp-content\/uploads\/2017\/11\/201711_PELETERIA-HOME_02-600x413.jpg 600w\" sizes=\"(max-width: 960px) 100vw, 960px\" \/><\/div><\/div><\/div>\n\n<style type=\"text\/css\" data-created_by=\"avia_inline_auto\" id=\"style-css-av-av_hr-5d74ded74483867bcf4f6bb06a94fdee\">\n#top .hr.hr-invisible.av-av_hr-5d74ded74483867bcf4f6bb06a94fdee{\nheight:5px;\n}\n<\/style>\n<div  class='hr av-av_hr-5d74ded74483867bcf4f6bb06a94fdee hr-invisible  avia-builder-el-11  el_after_av_image  el_before_av_textblock '><span class='hr-inner '><span class=\"hr-inner-style\"><\/span><\/span><\/div>\n<section  class='av_textblock_section av-av_textblock-2de302bf1aa3cf4c9157dbe6f50ac7eb '   itemscope=\"itemscope\" itemtype=\"https:\/\/schema.org\/BlogPosting\" itemprop=\"blogPost\" ><div class='avia_textblock'  itemprop=\"text\" ><p>Un dels avantatge que t\u00e9 la pell i que el fa el material ideal per la decoraci\u00f3 \u00e9s la gran varietat de textures i colors. Per exemple, delicades pells de p\u00e8l de colors naturals poden oferir un toc de sofisticaci\u00f3 i eleg\u00e0ncia, en canvi les pells napades resistents poden transmetre un aire r\u00fastic a una est\u00e0ncia.<\/p>\n<p>Per acabar, t\u2019invitem a que deixis volar la teva imaginaci\u00f3 per incloure un un objecte decoratiu confeccionat amb pell en la teva casa o negoci. I si el que necessites \u00e9s inspirar-te,<strong> <a href=\"https:\/\/www.pinterest.es\/pielesprietobarcelona\/inspiracion-decor\/\">aqu\u00ed et deixem algunes idees.<\/a><\/strong><\/p>\n<\/div><\/section>\n\n<style type=\"text\/css\" data-created_by=\"avia_inline_auto\" id=\"style-css-av-av_hr-616cd310f4c6bf63bbd1f033802c1165\">\n#top .hr.hr-invisible.av-av_hr-616cd310f4c6bf63bbd1f033802c1165{\nheight:20px;\n}\n<\/style>\n<div  class='hr av-av_hr-616cd310f4c6bf63bbd1f033802c1165 hr-invisible  avia-builder-el-13  el_after_av_textblock  el_before_av_social_share '><span class='hr-inner '><span class=\"hr-inner-style\"><\/span><\/span><\/div>\n<div  class='av-social-sharing-box av-av_social_share-154f3c0b8d4df222b11bc43eeb2be2bc av-social-sharing-box-default  avia-builder-el-14  el_after_av_hr  el_before_av_hr  av-social-sharing-box-fullwidth'><div class=\"av-share-box\"><h5 class='av-share-link-description av-no-toc '>Compartir esta entrada:<\/h5><ul class=\"av-share-box-list noLightbox\"><li class='av-share-link av-social-link-facebook' ><a target=\"_blank\" aria-label=\"Compartir a Facebook\" href='https:\/\/www.facebook.com\/sharer.php?u=https:\/\/pielesprieto.es\/ca\/revolucio-pelleteria-i-decoracio\/&#038;t=La%20revoluci%C3%B3%20de%20la%20pelleteria%20arriba%20a%20casa%20teva' aria-hidden='false' data-av_icon='\ue8f3' data-av_iconfont='entypo-fontello' title='' data-avia-related-tooltip='Compartir a Facebook' rel=\"noopener\"><span class='avia_hidden_link_text'>Compartir a Facebook<\/span><\/a><\/li><li class='av-share-link av-social-link-twitter' ><a target=\"_blank\" aria-label=\"Compartir a Twitter\" href='https:\/\/twitter.com\/share?text=La%20revoluci%C3%B3%20de%20la%20pelleteria%20arriba%20a%20casa%20teva&#038;url=https:\/\/pielesprieto.es\/ca\/?p=1286' aria-hidden='false' data-av_icon='\ue8f1' data-av_iconfont='entypo-fontello' title='' data-avia-related-tooltip='Compartir a Twitter' rel=\"noopener\"><span class='avia_hidden_link_text'>Compartir a Twitter<\/span><\/a><\/li><li class='av-share-link av-social-link-whatsapp' ><a target=\"_blank\" aria-label=\"Share on WhatsApp\" href='https:\/\/api.whatsapp.com\/send?text=https:\/\/pielesprieto.es\/ca\/revolucio-pelleteria-i-decoracio\/' aria-hidden='false' data-av_icon='\uf232' data-av_iconfont='entypo-fontello' title='' data-avia-related-tooltip='Share on WhatsApp' rel=\"noopener\"><span class='avia_hidden_link_text'>Share on WhatsApp<\/span><\/a><\/li><li class='av-share-link av-social-link-mail' ><a  aria-label=\"Compartir per correu\" href='mailto:?subject=La%20revoluci%C3%B3%20de%20la%20pelleteria%20arriba%20a%20casa%20teva&#038;body=https:\/\/pielesprieto.es\/ca\/revolucio-pelleteria-i-decoracio\/' aria-hidden='false' data-av_icon='\ue805' data-av_iconfont='entypo-fontello' title='' data-avia-related-tooltip='Compartir per correu'><span class='avia_hidden_link_text'>Compartir per correu<\/span><\/a><\/li><\/ul><\/div><\/div>\n\n<style type=\"text\/css\" data-created_by=\"avia_inline_auto\" id=\"style-css-av-av_hr-616cd310f4c6bf63bbd1f033802c1165\">\n#top .hr.hr-invisible.av-av_hr-616cd310f4c6bf63bbd1f033802c1165{\nheight:20px;\n}\n<\/style>\n<div  class='hr av-av_hr-616cd310f4c6bf63bbd1f033802c1165 hr-invisible  avia-builder-el-15  el_after_av_social_share  el_before_av_comments_list '><span class='hr-inner '><span class=\"hr-inner-style\"><\/span><\/span><\/div>\n<div  class='av-buildercomment av-av_comments_list-88ce68e426f11248fa394058a3de040f  av-blog-meta-author-disabled av-blog-meta-comments-disabled av-blog-meta-category-disabled av-blog-meta-html-info-disabled av-blog-meta-tag-disabled'><\/div>\n","protected":false},"excerpt":{"rendered":"","protected":false},"author":2,"featured_media":1278,"comment_status":"closed","ping_status":"open","sticky":false,"template":"","format":"standard","meta":[],"categories":[44,43],"tags":[380,381,382,383,55,379,56,57,385,386,384,367],"yoast_head":"<!-- This site is optimized with the Yoast SEO plugin v20.9 - https:\/\/yoast.com\/wordpress\/plugins\/seo\/ -->\n<title>La revoluci\u00f3 de la pelleteria arriba a casa teva | Prieto Barcelona<\/title>\n<meta name=\"description\" content=\"Descobreix com pelleters i dissenyadors revolucionen el sector de la pelleteria utilitzant la pell en nous objectes de decoraci\u00f3.\" \/>\n<meta name=\"robots\" content=\"index, follow, max-snippet:-1, max-image-preview:large, max-video-preview:-1\" \/>\n<link rel=\"canonical\" href=\"https:\/\/pielesprieto.es\/ca\/revolucio-pelleteria-i-decoracio\/\" \/>\n<meta property=\"og:locale\" content=\"ca_ES\" \/>\n<meta property=\"og:type\" content=\"article\" \/>\n<meta property=\"og:title\" content=\"La revoluci\u00f3 de la pelleteria arriba a casa teva | Prieto Barcelona\" \/>\n<meta property=\"og:description\" content=\"Descobreix com pelleters i dissenyadors revolucionen el sector de la pelleteria utilitzant la pell en nous objectes de decoraci\u00f3.\" \/>\n<meta property=\"og:url\" content=\"https:\/\/pielesprieto.es\/ca\/revolucio-pelleteria-i-decoracio\/\" \/>\n<meta property=\"og:site_name\" content=\"Pieles Prieto\" \/>\n<meta property=\"article:publisher\" content=\"https:\/\/www.facebook.com\/pielesprietobarcelona\/\" \/>\n<meta property=\"article:published_time\" content=\"2017-11-30T15:51:41+00:00\" \/>\n<meta property=\"article:modified_time\" content=\"2019-11-27T09:41:03+00:00\" \/>\n<meta property=\"og:image\" content=\"https:\/\/pielesprieto.es\/wp-content\/uploads\/2017\/11\/201711_PELETERIA-HOME_01.jpg\" \/>\n\t<meta property=\"og:image:width\" content=\"960\" \/>\n\t<meta property=\"og:image:height\" content=\"660\" \/>\n\t<meta property=\"og:image:type\" content=\"image\/jpeg\" \/>\n<meta name=\"author\" content=\"pp-administrador\" \/>\n<meta name=\"twitter:card\" content=\"summary_large_image\" \/>\n<meta name=\"twitter:creator\" content=\"@PielesPrieto\" \/>\n<meta name=\"twitter:site\" content=\"@PielesPrieto\" \/>\n<meta name=\"twitter:label1\" content=\"Escrit per\" \/>\n\t<meta name=\"twitter:data1\" content=\"pp-administrador\" \/>\n\t<meta name=\"twitter:label2\" content=\"Temps estimat de lectura\" \/>\n\t<meta name=\"twitter:data2\" content=\"5 minuts\" \/>\n<script type=\"application\/ld+json\" class=\"yoast-schema-graph\">{\"@context\":\"https:\/\/schema.org\",\"@graph\":[{\"@type\":\"WebPage\",\"@id\":\"https:\/\/pielesprieto.es\/ca\/revolucio-pelleteria-i-decoracio\/\",\"url\":\"https:\/\/pielesprieto.es\/ca\/revolucio-pelleteria-i-decoracio\/\",\"name\":\"La revoluci\u00f3 de la pelleteria arriba a casa teva | Prieto Barcelona\",\"isPartOf\":{\"@id\":\"https:\/\/pielesprieto.es\/#website\"},\"datePublished\":\"2017-11-30T15:51:41+00:00\",\"dateModified\":\"2019-11-27T09:41:03+00:00\",\"author\":{\"@id\":\"https:\/\/pielesprieto.es\/#\/schema\/person\/4aaf000877c5e8415630ee8b3e7a0bdf\"},\"description\":\"Descobreix com pelleters i dissenyadors revolucionen el sector de la pelleteria utilitzant la pell en nous objectes de decoraci\u00f3.\",\"breadcrumb\":{\"@id\":\"https:\/\/pielesprieto.es\/ca\/revolucio-pelleteria-i-decoracio\/#breadcrumb\"},\"inLanguage\":\"ca\",\"potentialAction\":[{\"@type\":\"ReadAction\",\"target\":[\"https:\/\/pielesprieto.es\/ca\/revolucio-pelleteria-i-decoracio\/\"]}]},{\"@type\":\"BreadcrumbList\",\"@id\":\"https:\/\/pielesprieto.es\/ca\/revolucio-pelleteria-i-decoracio\/#breadcrumb\",\"itemListElement\":[{\"@type\":\"ListItem\",\"position\":1,\"name\":\"Portada\",\"item\":\"https:\/\/pielesprieto.es\/ca\/inici\/\"},{\"@type\":\"ListItem\",\"position\":2,\"name\":\"La revoluci\u00f3 de la pelleteria arriba a casa teva\"}]},{\"@type\":\"WebSite\",\"@id\":\"https:\/\/pielesprieto.es\/#website\",\"url\":\"https:\/\/pielesprieto.es\/\",\"name\":\"Pieles Prieto\",\"description\":\"Pieles Prieto\",\"potentialAction\":[{\"@type\":\"SearchAction\",\"target\":{\"@type\":\"EntryPoint\",\"urlTemplate\":\"https:\/\/pielesprieto.es\/?s={search_term_string}\"},\"query-input\":\"required name=search_term_string\"}],\"inLanguage\":\"ca\"},{\"@type\":\"Person\",\"@id\":\"https:\/\/pielesprieto.es\/#\/schema\/person\/4aaf000877c5e8415630ee8b3e7a0bdf\",\"name\":\"pp-administrador\",\"url\":\"https:\/\/pielesprieto.es\/ca\/author\/pp-administrador\/\"}]}<\/script>\n<!-- \/ Yoast SEO plugin. -->","yoast_head_json":{"title":"La revoluci\u00f3 de la pelleteria arriba a casa teva | Prieto Barcelona","description":"Descobreix com pelleters i dissenyadors revolucionen el sector de la pelleteria utilitzant la pell en nous objectes de decoraci\u00f3.","robots":{"index":"index","follow":"follow","max-snippet":"max-snippet:-1","max-image-preview":"max-image-preview:large","max-video-preview":"max-video-preview:-1"},"canonical":"https:\/\/pielesprieto.es\/ca\/revolucio-pelleteria-i-decoracio\/","og_locale":"ca_ES","og_type":"article","og_title":"La revoluci\u00f3 de la pelleteria arriba a casa teva | Prieto Barcelona","og_description":"Descobreix com pelleters i dissenyadors revolucionen el sector de la pelleteria utilitzant la pell en nous objectes de decoraci\u00f3.","og_url":"https:\/\/pielesprieto.es\/ca\/revolucio-pelleteria-i-decoracio\/","og_site_name":"Pieles Prieto","article_publisher":"https:\/\/www.facebook.com\/pielesprietobarcelona\/","article_published_time":"2017-11-30T15:51:41+00:00","article_modified_time":"2019-11-27T09:41:03+00:00","og_image":[{"width":960,"height":660,"url":"https:\/\/pielesprieto.es\/wp-content\/uploads\/2017\/11\/201711_PELETERIA-HOME_01.jpg","type":"image\/jpeg"}],"author":"pp-administrador","twitter_card":"summary_large_image","twitter_creator":"@PielesPrieto","twitter_site":"@PielesPrieto","twitter_misc":{"Escrit per":"pp-administrador","Temps estimat de lectura":"5 minuts"},"schema":{"@context":"https:\/\/schema.org","@graph":[{"@type":"WebPage","@id":"https:\/\/pielesprieto.es\/ca\/revolucio-pelleteria-i-decoracio\/","url":"https:\/\/pielesprieto.es\/ca\/revolucio-pelleteria-i-decoracio\/","name":"La revoluci\u00f3 de la pelleteria arriba a casa teva | Prieto Barcelona","isPartOf":{"@id":"https:\/\/pielesprieto.es\/#website"},"datePublished":"2017-11-30T15:51:41+00:00","dateModified":"2019-11-27T09:41:03+00:00","author":{"@id":"https:\/\/pielesprieto.es\/#\/schema\/person\/4aaf000877c5e8415630ee8b3e7a0bdf"},"description":"Descobreix com pelleters i dissenyadors revolucionen el sector de la pelleteria utilitzant la pell en nous objectes de decoraci\u00f3.","breadcrumb":{"@id":"https:\/\/pielesprieto.es\/ca\/revolucio-pelleteria-i-decoracio\/#breadcrumb"},"inLanguage":"ca","potentialAction":[{"@type":"ReadAction","target":["https:\/\/pielesprieto.es\/ca\/revolucio-pelleteria-i-decoracio\/"]}]},{"@type":"BreadcrumbList","@id":"https:\/\/pielesprieto.es\/ca\/revolucio-pelleteria-i-decoracio\/#breadcrumb","itemListElement":[{"@type":"ListItem","position":1,"name":"Portada","item":"https:\/\/pielesprieto.es\/ca\/inici\/"},{"@type":"ListItem","position":2,"name":"La revoluci\u00f3 de la pelleteria arriba a casa teva"}]},{"@type":"WebSite","@id":"https:\/\/pielesprieto.es\/#website","url":"https:\/\/pielesprieto.es\/","name":"Pieles Prieto","description":"Pieles Prieto","potentialAction":[{"@type":"SearchAction","target":{"@type":"EntryPoint","urlTemplate":"https:\/\/pielesprieto.es\/?s={search_term_string}"},"query-input":"required name=search_term_string"}],"inLanguage":"ca"},{"@type":"Person","@id":"https:\/\/pielesprieto.es\/#\/schema\/person\/4aaf000877c5e8415630ee8b3e7a0bdf","name":"pp-administrador","url":"https:\/\/pielesprieto.es\/ca\/author\/pp-administrador\/"}]}},"_links":{"self":[{"href":"https:\/\/pielesprieto.es\/ca\/wp-json\/wp\/v2\/posts\/1286"}],"collection":[{"href":"https:\/\/pielesprieto.es\/ca\/wp-json\/wp\/v2\/posts"}],"about":[{"href":"https:\/\/pielesprieto.es\/ca\/wp-json\/wp\/v2\/types\/post"}],"author":[{"embeddable":true,"href":"https:\/\/pielesprieto.es\/ca\/wp-json\/wp\/v2\/users\/2"}],"replies":[{"embeddable":true,"href":"https:\/\/pielesprieto.es\/ca\/wp-json\/wp\/v2\/comments?post=1286"}],"version-history":[{"count":10,"href":"https:\/\/pielesprieto.es\/ca\/wp-json\/wp\/v2\/posts\/1286\/revisions"}],"predecessor-version":[{"id":5165,"href":"https:\/\/pielesprieto.es\/ca\/wp-json\/wp\/v2\/posts\/1286\/revisions\/5165"}],"wp:featuredmedia":[{"embeddable":true,"href":"https:\/\/pielesprieto.es\/ca\/wp-json\/wp\/v2\/media\/1278"}],"wp:attachment":[{"href":"https:\/\/pielesprieto.es\/ca\/wp-json\/wp\/v2\/media?parent=1286"}],"wp:term":[{"taxonomy":"category","embeddable":true,"href":"https:\/\/pielesprieto.es\/ca\/wp-json\/wp\/v2\/categories?post=1286"},{"taxonomy":"post_tag","embeddable":true,"href":"https:\/\/pielesprieto.es\/ca\/wp-json\/wp\/v2\/tags?post=1286"}],"curies":[{"name":"wp","href":"https:\/\/api.w.org\/{rel}","templated":true}]}}