{"id":1231,"date":"2017-11-14T13:54:42","date_gmt":"2017-11-14T11:54:42","guid":{"rendered":"https:\/\/pielesprieto.es\/?p=1231"},"modified":"2019-11-27T11:37:20","modified_gmt":"2019-11-27T09:37:20","slug":"blog-transformacions-pelleteria","status":"publish","type":"post","link":"https:\/\/pielesprieto.es\/ca\/blog-transformacions-pelleteria\/","title":{"rendered":"Una soluci\u00f3 pels teus antics articles de pelleteria"},"content":{"rendered":"\n<style type=\"text\/css\" data-created_by=\"avia_inline_auto\" id=\"style-css-av-av_section-0430dac87e95ed68a9109a1c9ddcca0f\">\n.avia-section.av-av_section-0430dac87e95ed68a9109a1c9ddcca0f{\nbackground-color:#0a0a0a;\nbackground-image:unset;\n}\n<\/style>\n<div id='av_section_1'  class='avia-section av-av_section-0430dac87e95ed68a9109a1c9ddcca0f main_color avia-section-default avia-no-shadow  avia-builder-el-0  el_before_av_textblock  avia-builder-el-first  avia-bg-style-scroll container_wrap sidebar_right'  ><div class='container av-section-cont-open' ><main  role=\"main\" itemprop=\"mainContentOfPage\"  class='template-page content  av-content-small alpha units'><div class='post-entry post-entry-type-page post-entry-1231'><div class='entry-content-wrapper clearfix'>\n<section  class='av_textblock_section av-av_textblock-2de302bf1aa3cf4c9157dbe6f50ac7eb '   itemscope=\"itemscope\" itemtype=\"https:\/\/schema.org\/BlogPosting\" itemprop=\"blogPost\" ><div class='avia_textblock'  itemprop=\"text\" ><h3 style=\"text-align: center\"><span style=\"font-size: 150%\"><a href=\"https:\/\/pielesprieto.es\/ca\/blog\/\"><span style=\"color: #ffffff\">BLOG DE PRIETO BARCELONA<\/span><\/a><\/span><\/h3>\n<h5 style=\"text-align: center\"><a href=\"https:\/\/pielesprieto.es\/ca\/blog\/\"><span style=\"color: #ffffff\">Totes les not\u00edcies de la marca i del sector de la pelleteria.<\/span><\/a><\/h5>\n<\/div><\/section>\n<\/div><\/div><\/main><!-- close content main element --><\/div><\/div><div id='after_section_1'  class='main_color av_default_container_wrap container_wrap sidebar_right'  ><div class='container av-section-cont-open' ><div class='template-page content  av-content-small alpha units'><div class='post-entry post-entry-type-page post-entry-1231'><div class='entry-content-wrapper clearfix'>\n\n<style type=\"text\/css\" data-created_by=\"avia_inline_auto\" id=\"style-css-av-av_textblock-07d9ed8e88f936c1ae08938f46e74f2a\">\n#top .av_textblock_section.av-av_textblock-07d9ed8e88f936c1ae08938f46e74f2a .avia_textblock{\nfont-size:34px;\n}\n<\/style>\n<section  class='av_textblock_section av-av_textblock-07d9ed8e88f936c1ae08938f46e74f2a '   itemscope=\"itemscope\" itemtype=\"https:\/\/schema.org\/BlogPosting\" itemprop=\"blogPost\" ><div class='avia_textblock'  itemprop=\"text\" ><h1><strong>QU\u00c8 FER AMB AQUELLS ANTICS ARTICLES DE PELLETERIA OBLIDATS A L&#8217;ARMARI?<\/strong><\/h1>\n<\/div><\/section>\n\n<style type=\"text\/css\" data-created_by=\"avia_inline_auto\" id=\"style-css-av-av_hr-4fe7ca31632bc16a918f996b90394a4b\">\n#top .hr.hr-invisible.av-av_hr-4fe7ca31632bc16a918f996b90394a4b{\nheight:2px;\n}\n<\/style>\n<div  class='hr av-av_hr-4fe7ca31632bc16a918f996b90394a4b hr-invisible  avia-builder-el-3  el_after_av_textblock  el_before_av_textblock '><span class='hr-inner '><span class=\"hr-inner-style\"><\/span><\/span><\/div>\n\n<style type=\"text\/css\" data-created_by=\"avia_inline_auto\" id=\"style-css-av-av_textblock-2d38d47c6c21648893d1573789d1ca99\">\n#top .av_textblock_section.av-av_textblock-2d38d47c6c21648893d1573789d1ca99 .avia_textblock{\nfont-size:14px;\ncolor:#0a0a0a;\n}\n<\/style>\n<section  class='av_textblock_section av-av_textblock-2d38d47c6c21648893d1573789d1ca99 '   itemscope=\"itemscope\" itemtype=\"https:\/\/schema.org\/BlogPosting\" itemprop=\"blogPost\" ><div class='avia_textblock av_inherit_color'  itemprop=\"text\" ><h2 class=\"comop\"><strong>Molts de nosaltres hem heretat un article antic de pelleteria de les nostres mares, avies, tietes, etc. Articles que, encara que tenen un gran valor sentimental, estan totalment desfasats i que l\u2019\u00fanic que fan \u00e9s ocupar espai.<\/strong><\/h2>\n<\/div><\/section>\n\n<style type=\"text\/css\" data-created_by=\"avia_inline_auto\" id=\"style-css-av-av_hr-373523e22f0366b13a549278f1ad345e\">\n#top .hr.hr-invisible.av-av_hr-373523e22f0366b13a549278f1ad345e{\nheight:10px;\n}\n<\/style>\n<div  class='hr av-av_hr-373523e22f0366b13a549278f1ad345e hr-invisible  avia-builder-el-5  el_after_av_textblock  el_before_av_textblock '><span class='hr-inner '><span class=\"hr-inner-style\"><\/span><\/span><\/div>\n<section  class='av_textblock_section av-av_textblock-2de302bf1aa3cf4c9157dbe6f50ac7eb '   itemscope=\"itemscope\" itemtype=\"https:\/\/schema.org\/BlogPosting\" itemprop=\"blogPost\" ><div class='avia_textblock'  itemprop=\"text\" ><p>El mercat de segona m\u00e0 d\u2019aquest tipus d\u2019articles est\u00e0 saturat i el m\u00e9s probable \u00e9s que t\u2019ofereixin una quantitat de diners rid\u00edcula per ell. Tenint en compte aix\u00f2, les alternatives es redueixen a: vendre\u2019l per pocs diners, llen\u00e7ar-lo a la brossa o transformar-lo. En la nostra opini\u00f3, si la pell est\u00e0 en bona estat, <strong>la transformaci\u00f3 \u00e9s la millor opci\u00f3. <\/strong><\/p>\n<p>Una transformaci\u00f3 de pelleteria \u00e9s una alternativa desconeguda per moltes persones que consisteix en desmuntar per complet l\u2019article per confeccionar un model totalment nou. El client aconsegueix<strong> un article a mida i personalitzar per un preu molt menor al d\u2019un article nou.<\/strong> El \u00faltims avesos en la\u00a0 pelleteria permeten que a trav\u00e9s d\u2019una transformaci\u00f3 es cre\u00efn articles espectaculars. Amb aquest servei, la pell passa per un proc\u00e9s de neteja per millor el seu estat en la mesura que sigui possible, i a m\u00e9s a m\u00e9s es pot tenyir, despinsar, combinar amb altres materials, etc.<\/p>\n<\/div><\/section>\n\n<style type=\"text\/css\" data-created_by=\"avia_inline_auto\" id=\"style-css-av-av_image-436bfed1ea39a753978e217089d1d0a9\">\n.avia-image-container.av-av_image-436bfed1ea39a753978e217089d1d0a9 img.avia_image{\nbox-shadow:none;\n}\n.avia-image-container.av-av_image-436bfed1ea39a753978e217089d1d0a9 .av-image-caption-overlay-center{\ncolor:#ffffff;\n}\n<\/style>\n<div  class='avia-image-container av-av_image-436bfed1ea39a753978e217089d1d0a9 av-styling- avia-align-center  avia-builder-el-7  el_after_av_textblock  el_before_av_hr '   itemprop=\"image\" itemscope=\"itemscope\" itemtype=\"https:\/\/schema.org\/ImageObject\" ><div class=\"avia-image-container-inner\"><div class=\"avia-image-overlay-wrap\"><img decoding=\"async\" class='wp-image-1220 avia-img-lazy-loading-not-1220 avia_image ' src=\"https:\/\/pielesprieto.es\/wp-content\/uploads\/2017\/11\/201711_TRASFORMACIONES-1.jpg\" alt='' title='201711_TRASFORMACIONES'  height=\"660\" width=\"960\"  itemprop=\"thumbnailUrl\" srcset=\"https:\/\/pielesprieto.es\/wp-content\/uploads\/2017\/11\/201711_TRASFORMACIONES-1.jpg 960w, https:\/\/pielesprieto.es\/wp-content\/uploads\/2017\/11\/201711_TRASFORMACIONES-1-600x413.jpg 600w\" sizes=\"(max-width: 960px) 100vw, 960px\" \/><\/div><\/div><\/div>\n\n<style type=\"text\/css\" data-created_by=\"avia_inline_auto\" id=\"style-css-av-av_hr-5d74ded74483867bcf4f6bb06a94fdee\">\n#top .hr.hr-invisible.av-av_hr-5d74ded74483867bcf4f6bb06a94fdee{\nheight:5px;\n}\n<\/style>\n<div  class='hr av-av_hr-5d74ded74483867bcf4f6bb06a94fdee hr-invisible  avia-builder-el-8  el_after_av_image  el_before_av_textblock '><span class='hr-inner '><span class=\"hr-inner-style\"><\/span><\/span><\/div>\n<section  class='av_textblock_section av-av_textblock-2de302bf1aa3cf4c9157dbe6f50ac7eb '   itemscope=\"itemscope\" itemtype=\"https:\/\/schema.org\/BlogPosting\" itemprop=\"blogPost\" ><div class='avia_textblock'  itemprop=\"text\" ><p>En aquesta fotografia et mostrem el resultat d\u2019una transformaci\u00f3 d\u2019un abric de guineu argent\u00e9. Combinant la pell de guineu amb tires d\u2019ante, s\u2019aconsegueix passar d\u2019un abric volumin\u00f3s i desfasat a dos jaquetes modernes i lleugeres. Y tenyint la pell d\u2019un dels articles, s\u2019obt\u00e9 un <em>look<\/em> informal i desenfadat. Vols veure m\u00e9s exemple?<a href=\"https:\/\/business.facebook.com\/pg\/pielesprietobarcelona\/photos\/?tab=album&amp;album_id=1949836148563712\"> <strong>Clica aquest link.<\/strong><\/a><\/p>\n<p>Un dels aspecte m\u00e9s interessants d\u2019una transformaci\u00f3 de pelleteria \u00e9s poder seguir tot el proc\u00e9s de creaci\u00f3 i participar en la decisi\u00f3 dels detalls del nou article. El proc\u00e9s es converteix en <strong>una experi\u00e8ncia de compra \u00fanica. <\/strong><\/p>\n<p>Per \u00faltim, cal remarcar la import\u00e0ncia de realitzar aquest proc\u00e9s amb professionals del sector amb experi\u00e8ncia. La confecci\u00f3 d\u2019articles de pell no t\u00e9 res a veure amb la confecci\u00f3 en t\u00e8xtil, un mal arranjament pot destrossar un article per complet convertint-se en una p\u00e8rdua de diners important.<\/p>\n<p>Esperem que aquest article t\u2019hagi resolts alguns dubtes sobre qu\u00e8 fer amb els antics articles de pelleteria oblidats al armari, per\u00f2 si tens algun dubte m\u00e9s, sempre <strong><a href=\"https:\/\/pielesprieto.es\/ca\/contacte\/\">ens pots preguntar.<\/a><\/strong><\/p>\n<\/div><\/section>\n\n<style type=\"text\/css\" data-created_by=\"avia_inline_auto\" id=\"style-css-av-av_hr-616cd310f4c6bf63bbd1f033802c1165\">\n#top .hr.hr-invisible.av-av_hr-616cd310f4c6bf63bbd1f033802c1165{\nheight:20px;\n}\n<\/style>\n<div  class='hr av-av_hr-616cd310f4c6bf63bbd1f033802c1165 hr-invisible  avia-builder-el-10  el_after_av_textblock  el_before_av_social_share '><span class='hr-inner '><span class=\"hr-inner-style\"><\/span><\/span><\/div>\n<div  class='av-social-sharing-box av-av_social_share-154f3c0b8d4df222b11bc43eeb2be2bc av-social-sharing-box-default  avia-builder-el-11  el_after_av_hr  el_before_av_hr  av-social-sharing-box-fullwidth'><div class=\"av-share-box\"><h5 class='av-share-link-description av-no-toc '>Compartir esta entrada:<\/h5><ul class=\"av-share-box-list noLightbox\"><li class='av-share-link av-social-link-facebook' ><a target=\"_blank\" aria-label=\"Compartir a Facebook\" href='https:\/\/www.facebook.com\/sharer.php?u=https:\/\/pielesprieto.es\/ca\/blog-transformacions-pelleteria\/&#038;t=Una%20soluci%C3%B3%20pels%20teus%20antics%20articles%20de%20pelleteria' aria-hidden='false' data-av_icon='\ue8f3' data-av_iconfont='entypo-fontello' title='' data-avia-related-tooltip='Compartir a Facebook' rel=\"noopener\"><span class='avia_hidden_link_text'>Compartir a Facebook<\/span><\/a><\/li><li class='av-share-link av-social-link-twitter' ><a target=\"_blank\" aria-label=\"Compartir a Twitter\" href='https:\/\/twitter.com\/share?text=Una%20soluci%C3%B3%20pels%20teus%20antics%20articles%20de%20pelleteria&#038;url=https:\/\/pielesprieto.es\/ca\/?p=1231' aria-hidden='false' data-av_icon='\ue8f1' data-av_iconfont='entypo-fontello' title='' data-avia-related-tooltip='Compartir a Twitter' rel=\"noopener\"><span class='avia_hidden_link_text'>Compartir a Twitter<\/span><\/a><\/li><li class='av-share-link av-social-link-whatsapp' ><a target=\"_blank\" aria-label=\"Share on WhatsApp\" href='https:\/\/api.whatsapp.com\/send?text=https:\/\/pielesprieto.es\/ca\/blog-transformacions-pelleteria\/' aria-hidden='false' data-av_icon='\uf232' data-av_iconfont='entypo-fontello' title='' data-avia-related-tooltip='Share on WhatsApp' rel=\"noopener\"><span class='avia_hidden_link_text'>Share on WhatsApp<\/span><\/a><\/li><li class='av-share-link av-social-link-mail' ><a  aria-label=\"Compartir per correu\" href='mailto:?subject=Una%20soluci%C3%B3%20pels%20teus%20antics%20articles%20de%20pelleteria&#038;body=https:\/\/pielesprieto.es\/ca\/blog-transformacions-pelleteria\/' aria-hidden='false' data-av_icon='\ue805' data-av_iconfont='entypo-fontello' title='' data-avia-related-tooltip='Compartir per correu'><span class='avia_hidden_link_text'>Compartir per correu<\/span><\/a><\/li><\/ul><\/div><\/div>\n\n<style type=\"text\/css\" data-created_by=\"avia_inline_auto\" id=\"style-css-av-av_hr-616cd310f4c6bf63bbd1f033802c1165\">\n#top .hr.hr-invisible.av-av_hr-616cd310f4c6bf63bbd1f033802c1165{\nheight:20px;\n}\n<\/style>\n<div  class='hr av-av_hr-616cd310f4c6bf63bbd1f033802c1165 hr-invisible  avia-builder-el-12  el_after_av_social_share  el_before_av_comments_list '><span class='hr-inner '><span class=\"hr-inner-style\"><\/span><\/span><\/div>\n<div  class='av-buildercomment av-av_comments_list-88ce68e426f11248fa394058a3de040f  av-blog-meta-author-disabled av-blog-meta-comments-disabled av-blog-meta-category-disabled av-blog-meta-html-info-disabled av-blog-meta-tag-disabled'><\/div>\n","protected":false},"excerpt":{"rendered":"","protected":false},"author":2,"featured_media":884,"comment_status":"closed","ping_status":"open","sticky":false,"template":"","format":"standard","meta":[],"categories":[42,44],"tags":[49,48,79,78,367,369,370,377,376,375,378],"yoast_head":"<!-- This site is optimized with the Yoast SEO plugin v20.9 - https:\/\/yoast.com\/wordpress\/plugins\/seo\/ -->\n<title>Una soluci\u00f3 pels teus antics articles de pelleteria | Pieles Prieto<\/title>\n<meta name=\"description\" content=\"Qu\u00e8 fer amb el teu antic articles de pelleteria oblidat a l\u2019armari? Resolem els teus dubtes i t\u2019expliquem les opcions que tens.\" \/>\n<meta name=\"robots\" content=\"index, follow, max-snippet:-1, max-image-preview:large, max-video-preview:-1\" \/>\n<link rel=\"canonical\" href=\"https:\/\/pielesprieto.es\/ca\/blog-transformacions-pelleteria\/\" \/>\n<meta property=\"og:locale\" content=\"ca_ES\" \/>\n<meta property=\"og:type\" content=\"article\" \/>\n<meta property=\"og:title\" content=\"Una soluci\u00f3 pels teus antics articles de pelleteria | Pieles Prieto\" \/>\n<meta property=\"og:description\" content=\"Qu\u00e8 fer amb el teu antic articles de pelleteria oblidat a l\u2019armari? Resolem els teus dubtes i t\u2019expliquem les opcions que tens.\" \/>\n<meta property=\"og:url\" content=\"https:\/\/pielesprieto.es\/ca\/blog-transformacions-pelleteria\/\" \/>\n<meta property=\"og:site_name\" content=\"Pieles Prieto\" \/>\n<meta property=\"article:publisher\" content=\"https:\/\/www.facebook.com\/pielesprietobarcelona\/\" \/>\n<meta property=\"article:published_time\" content=\"2017-11-14T11:54:42+00:00\" \/>\n<meta property=\"article:modified_time\" content=\"2019-11-27T09:37:20+00:00\" \/>\n<meta property=\"og:image\" content=\"https:\/\/pielesprieto.es\/wp-content\/uploads\/2017\/07\/transformaciones_peleteria-resize.jpg\" \/>\n\t<meta property=\"og:image:width\" content=\"1620\" \/>\n\t<meta property=\"og:image:height\" content=\"1080\" \/>\n\t<meta property=\"og:image:type\" content=\"image\/jpeg\" \/>\n<meta name=\"author\" content=\"pp-administrador\" \/>\n<meta name=\"twitter:card\" content=\"summary_large_image\" \/>\n<meta name=\"twitter:creator\" content=\"@PielesPrieto\" \/>\n<meta name=\"twitter:site\" content=\"@PielesPrieto\" \/>\n<meta name=\"twitter:label1\" content=\"Escrit per\" \/>\n\t<meta name=\"twitter:data1\" content=\"pp-administrador\" \/>\n\t<meta name=\"twitter:label2\" content=\"Temps estimat de lectura\" \/>\n\t<meta name=\"twitter:data2\" content=\"5 minuts\" \/>\n<script type=\"application\/ld+json\" class=\"yoast-schema-graph\">{\"@context\":\"https:\/\/schema.org\",\"@graph\":[{\"@type\":\"WebPage\",\"@id\":\"https:\/\/pielesprieto.es\/ca\/blog-transformacions-pelleteria\/\",\"url\":\"https:\/\/pielesprieto.es\/ca\/blog-transformacions-pelleteria\/\",\"name\":\"Una soluci\u00f3 pels teus antics articles de pelleteria | Pieles Prieto\",\"isPartOf\":{\"@id\":\"https:\/\/pielesprieto.es\/#website\"},\"datePublished\":\"2017-11-14T11:54:42+00:00\",\"dateModified\":\"2019-11-27T09:37:20+00:00\",\"author\":{\"@id\":\"https:\/\/pielesprieto.es\/#\/schema\/person\/4aaf000877c5e8415630ee8b3e7a0bdf\"},\"description\":\"Qu\u00e8 fer amb el teu antic articles de pelleteria oblidat a l\u2019armari? Resolem els teus dubtes i t\u2019expliquem les opcions que tens.\",\"breadcrumb\":{\"@id\":\"https:\/\/pielesprieto.es\/ca\/blog-transformacions-pelleteria\/#breadcrumb\"},\"inLanguage\":\"ca\",\"potentialAction\":[{\"@type\":\"ReadAction\",\"target\":[\"https:\/\/pielesprieto.es\/ca\/blog-transformacions-pelleteria\/\"]}]},{\"@type\":\"BreadcrumbList\",\"@id\":\"https:\/\/pielesprieto.es\/ca\/blog-transformacions-pelleteria\/#breadcrumb\",\"itemListElement\":[{\"@type\":\"ListItem\",\"position\":1,\"name\":\"Portada\",\"item\":\"https:\/\/pielesprieto.es\/ca\/inici\/\"},{\"@type\":\"ListItem\",\"position\":2,\"name\":\"Una soluci\u00f3 pels teus antics articles de pelleteria\"}]},{\"@type\":\"WebSite\",\"@id\":\"https:\/\/pielesprieto.es\/#website\",\"url\":\"https:\/\/pielesprieto.es\/\",\"name\":\"Pieles Prieto\",\"description\":\"Pieles Prieto\",\"potentialAction\":[{\"@type\":\"SearchAction\",\"target\":{\"@type\":\"EntryPoint\",\"urlTemplate\":\"https:\/\/pielesprieto.es\/?s={search_term_string}\"},\"query-input\":\"required name=search_term_string\"}],\"inLanguage\":\"ca\"},{\"@type\":\"Person\",\"@id\":\"https:\/\/pielesprieto.es\/#\/schema\/person\/4aaf000877c5e8415630ee8b3e7a0bdf\",\"name\":\"pp-administrador\",\"url\":\"https:\/\/pielesprieto.es\/ca\/author\/pp-administrador\/\"}]}<\/script>\n<!-- \/ Yoast SEO plugin. -->","yoast_head_json":{"title":"Una soluci\u00f3 pels teus antics articles de pelleteria | Pieles Prieto","description":"Qu\u00e8 fer amb el teu antic articles de pelleteria oblidat a l\u2019armari? Resolem els teus dubtes i t\u2019expliquem les opcions que tens.","robots":{"index":"index","follow":"follow","max-snippet":"max-snippet:-1","max-image-preview":"max-image-preview:large","max-video-preview":"max-video-preview:-1"},"canonical":"https:\/\/pielesprieto.es\/ca\/blog-transformacions-pelleteria\/","og_locale":"ca_ES","og_type":"article","og_title":"Una soluci\u00f3 pels teus antics articles de pelleteria | Pieles Prieto","og_description":"Qu\u00e8 fer amb el teu antic articles de pelleteria oblidat a l\u2019armari? Resolem els teus dubtes i t\u2019expliquem les opcions que tens.","og_url":"https:\/\/pielesprieto.es\/ca\/blog-transformacions-pelleteria\/","og_site_name":"Pieles Prieto","article_publisher":"https:\/\/www.facebook.com\/pielesprietobarcelona\/","article_published_time":"2017-11-14T11:54:42+00:00","article_modified_time":"2019-11-27T09:37:20+00:00","og_image":[{"width":1620,"height":1080,"url":"https:\/\/pielesprieto.es\/wp-content\/uploads\/2017\/07\/transformaciones_peleteria-resize.jpg","type":"image\/jpeg"}],"author":"pp-administrador","twitter_card":"summary_large_image","twitter_creator":"@PielesPrieto","twitter_site":"@PielesPrieto","twitter_misc":{"Escrit per":"pp-administrador","Temps estimat de lectura":"5 minuts"},"schema":{"@context":"https:\/\/schema.org","@graph":[{"@type":"WebPage","@id":"https:\/\/pielesprieto.es\/ca\/blog-transformacions-pelleteria\/","url":"https:\/\/pielesprieto.es\/ca\/blog-transformacions-pelleteria\/","name":"Una soluci\u00f3 pels teus antics articles de pelleteria | Pieles Prieto","isPartOf":{"@id":"https:\/\/pielesprieto.es\/#website"},"datePublished":"2017-11-14T11:54:42+00:00","dateModified":"2019-11-27T09:37:20+00:00","author":{"@id":"https:\/\/pielesprieto.es\/#\/schema\/person\/4aaf000877c5e8415630ee8b3e7a0bdf"},"description":"Qu\u00e8 fer amb el teu antic articles de pelleteria oblidat a l\u2019armari? Resolem els teus dubtes i t\u2019expliquem les opcions que tens.","breadcrumb":{"@id":"https:\/\/pielesprieto.es\/ca\/blog-transformacions-pelleteria\/#breadcrumb"},"inLanguage":"ca","potentialAction":[{"@type":"ReadAction","target":["https:\/\/pielesprieto.es\/ca\/blog-transformacions-pelleteria\/"]}]},{"@type":"BreadcrumbList","@id":"https:\/\/pielesprieto.es\/ca\/blog-transformacions-pelleteria\/#breadcrumb","itemListElement":[{"@type":"ListItem","position":1,"name":"Portada","item":"https:\/\/pielesprieto.es\/ca\/inici\/"},{"@type":"ListItem","position":2,"name":"Una soluci\u00f3 pels teus antics articles de pelleteria"}]},{"@type":"WebSite","@id":"https:\/\/pielesprieto.es\/#website","url":"https:\/\/pielesprieto.es\/","name":"Pieles Prieto","description":"Pieles Prieto","potentialAction":[{"@type":"SearchAction","target":{"@type":"EntryPoint","urlTemplate":"https:\/\/pielesprieto.es\/?s={search_term_string}"},"query-input":"required name=search_term_string"}],"inLanguage":"ca"},{"@type":"Person","@id":"https:\/\/pielesprieto.es\/#\/schema\/person\/4aaf000877c5e8415630ee8b3e7a0bdf","name":"pp-administrador","url":"https:\/\/pielesprieto.es\/ca\/author\/pp-administrador\/"}]}},"_links":{"self":[{"href":"https:\/\/pielesprieto.es\/ca\/wp-json\/wp\/v2\/posts\/1231"}],"collection":[{"href":"https:\/\/pielesprieto.es\/ca\/wp-json\/wp\/v2\/posts"}],"about":[{"href":"https:\/\/pielesprieto.es\/ca\/wp-json\/wp\/v2\/types\/post"}],"author":[{"embeddable":true,"href":"https:\/\/pielesprieto.es\/ca\/wp-json\/wp\/v2\/users\/2"}],"replies":[{"embeddable":true,"href":"https:\/\/pielesprieto.es\/ca\/wp-json\/wp\/v2\/comments?post=1231"}],"version-history":[{"count":10,"href":"https:\/\/pielesprieto.es\/ca\/wp-json\/wp\/v2\/posts\/1231\/revisions"}],"predecessor-version":[{"id":5162,"href":"https:\/\/pielesprieto.es\/ca\/wp-json\/wp\/v2\/posts\/1231\/revisions\/5162"}],"wp:featuredmedia":[{"embeddable":true,"href":"https:\/\/pielesprieto.es\/ca\/wp-json\/wp\/v2\/media\/884"}],"wp:attachment":[{"href":"https:\/\/pielesprieto.es\/ca\/wp-json\/wp\/v2\/media?parent=1231"}],"wp:term":[{"taxonomy":"category","embeddable":true,"href":"https:\/\/pielesprieto.es\/ca\/wp-json\/wp\/v2\/categories?post=1231"},{"taxonomy":"post_tag","embeddable":true,"href":"https:\/\/pielesprieto.es\/ca\/wp-json\/wp\/v2\/tags?post=1231"}],"curies":[{"name":"wp","href":"https:\/\/api.w.org\/{rel}","templated":true}]}}